{"id":198261,"date":"2021-09-06T20:45:02","date_gmt":"2021-09-07T00:45:02","guid":{"rendered":"https:\/\/elluchador.info\/web\/?p=198261"},"modified":"2021-09-06T20:45:05","modified_gmt":"2021-09-07T00:45:05","slug":"roland-carreno-trasladado-de-emergencia-a-una-clinica","status":"publish","type":"post","link":"https:\/\/elluchador.info\/?p=198261","title":{"rendered":"Roland Carre\u00f1o trasladado de emergencia a una cl\u00ednica"},"content":{"rendered":"\n<p>El periodista, Roland Carre\u00f1o, fue trasladado este lunes de emergencia a un centro de salud tras sufrir una crisis hipertensiva y una infecci\u00f3n respiratoria.<\/p>\n\n\n\n<p>La abogada Mar\u00eda Alejandra Poleo inform\u00f3 que el traslado se realiza bajo la autorizaci\u00f3n del director de la DIP, \u00abpues el tribunal que lleva la causa nunca se pronunci\u00f3\u00bb.<\/p>\n\n\n\n<p>Carre\u00f1o cumple 316 d\u00edas detenido.UR<\/p>\n","protected":false},"excerpt":{"rendered":"<p>El periodista, Roland Carre\u00f1o, fue trasladado este lunes de emergencia a un centro de salud tras sufrir una crisis hipertensiva y una infecci\u00f3n respiratoria. La abogada Mar\u00eda Alejandra Poleo inform\u00f3 que el traslado se realiza bajo la autorizaci\u00f3n del director de la DIP, \u00abpues el tribunal que lleva la causa nunca se pronunci\u00f3\u00bb. Carre\u00f1o cumple [&hellip;]<\/p>\n","protected":false},"author":2,"featured_media":198262,"comment_status":"closed","ping_status":"closed","sticky":false,"template":"","format":"standard","meta":{"footnotes":""},"categories":[5,9],"tags":[],"class_list":{"0":"post-198261","1":"post","2":"type-post","3":"status-publish","4":"format-standard","5":"has-post-thumbnail","7":"category-destacado","8":"category-nacionales"},"_links":{"self":[{"href":"https:\/\/elluchador.info\/index.php?rest_route=\/wp\/v2\/posts\/198261","targetHints":{"allow":["GET"]}}],"collection":[{"href":"https:\/\/elluchador.info\/index.php?rest_route=\/wp\/v2\/posts"}],"about":[{"href":"https:\/\/elluchador.info\/index.php?rest_route=\/wp\/v2\/types\/post"}],"author":[{"embeddable":true,"href":"https:\/\/elluchador.info\/index.php?rest_route=\/wp\/v2\/users\/2"}],"replies":[{"embeddable":true,"href":"https:\/\/elluchador.info\/index.php?rest_route=%2Fwp%2Fv2%2Fcomments&post=198261"}],"version-history":[{"count":1,"href":"https:\/\/elluchador.info\/index.php?rest_route=\/wp\/v2\/posts\/198261\/revisions"}],"predecessor-version":[{"id":198263,"href":"https:\/\/elluchador.info\/index.php?rest_route=\/wp\/v2\/posts\/198261\/revisions\/198263"}],"wp:featuredmedia":[{"embeddable":true,"href":"https:\/\/elluchador.info\/index.php?rest_route=\/wp\/v2\/media\/198262"}],"wp:attachment":[{"href":"https:\/\/elluchador.info\/index.php?rest_route=%2Fwp%2Fv2%2Fmedia&parent=198261"}],"wp:term":[{"taxonomy":"category","embeddable":true,"href":"https:\/\/elluchador.info\/index.php?rest_route=%2Fwp%2Fv2%2Fcategories&post=198261"},{"taxonomy":"post_tag","embeddable":true,"href":"https:\/\/elluchador.info\/index.php?rest_route=%2Fwp%2Fv2%2Ftags&post=198261"}],"curies":[{"name":"wp","href":"https:\/\/api.w.org\/{rel}","templated":true}]}}