{"id":198903,"date":"2021-09-17T16:43:57","date_gmt":"2021-09-17T20:43:57","guid":{"rendered":"https:\/\/elluchador.info\/web\/?p=198903"},"modified":"2021-09-17T16:43:58","modified_gmt":"2021-09-17T20:43:58","slug":"reabren-areas-del-parque-la-llovizna-por-bajas-de-niveles-de-rios-orinoco-y-caroni","status":"publish","type":"post","link":"https:\/\/elluchador.info\/?p=198903","title":{"rendered":"Reabren \u00e1reas del parque La Llovizna por bajas de niveles de r\u00edos Orinoco y Caron\u00ed"},"content":{"rendered":"\n<p>El pasado 18 de agosto, Jessiel Gasc\u00f3n, director regional del Ministerio del poder popular para Ecosocialismo (Minec Bol\u00edvar), anunci\u00f3 el cierre en un 30% de las \u00e1reas del parque La Llovizna en el municipio Caron\u00ed, debido a la crecida de los r\u00edos Orinoco y Caron\u00ed, que hab\u00edan ocasionado inundaci\u00f3n en algunos espacios de esta maravilla natural, que son visitados por las familias de Ciudad Guayana.<\/p>\n\n\n\n<p>Hace un mes, acompa\u00f1ado de equipos t\u00e9cnicos, ingenieros, especialistas, personal de Guardaparques y Guardia Nacional Bolivariana (GNB), Gasc\u00f3n, expres\u00f3 que luego de mantener conversaciones con el ministro del poder popular para Ecosocialismo, Josu\u00e9 Lorca, decidieron restringir y acordonar \u00e1reas para evitar situaciones de peligro.<\/p>\n\n\n\n<p>Este viernes 17 de septiembre desde el parque La Llovizna, el director regional de Minec Bol\u00edvar, anunci\u00f3 que ya fueron abiertos los espacios que hab\u00edan sido cerrados ante la crecida.<\/p>\n\n\n\n<p>Asegur\u00f3 que luego de una evaluaci\u00f3n exhaustiva y de los niveles de descenso que han experimentado los r\u00edos en las \u00faltimas semanas, las familias de Ciudad Guayana pueden visitar el Parque como de costumbre y disfrutar de todos sus miradores.<\/p>\n\n\n\n<p><strong>5K y miradores abiertos &nbsp;&nbsp;<\/strong><\/p>\n\n\n\n<p>Jessiel Gasc\u00f3n recorri\u00f3 todas las \u00e1reas del Parque que estaban cerradas, dijo que la zona denominada como 5K, es una de las favoritas de los visitantes y que ya est\u00e1 abierta. Afirm\u00f3 que comenzar\u00e1n con labores de mantenimiento en esos espacios que sufrieron afectaciones.<\/p>\n\n\n\n<p>\u201cVengan al parque La Llovizna y disfruten de un 100% de sus zonas, estamos trabajando en equipo, el mirador principal y los miradores 1,2,3 y 4 ya est\u00e1n listos para recibir a toda la familia\u201d.<\/p>\n\n\n\n<p><strong>Seguridad y prevenci\u00f3n<\/strong><\/p>\n\n\n\n<p>El director regional de Minec Bol\u00edvar pidi\u00f3 al pueblo cumplir con medidas de bioseguridad, respetar las normativas del Parque, cuidarlo y protegerlo, adem\u00e1s de aplicar todos los mecanismos de prevenci\u00f3n para garantizar una visita feliz.<\/p>\n\n\n\n<p>\u201cNuestros equipos de seguridad; guardaparques, Guardia Nacional Bolivariana y Direcci\u00f3n Regional de Parques, acompa\u00f1ados de personal Minec Bol\u00edvar, trabajan de forma conjunta para que puedas disfrutar plenamente de esta maravilla natural\u201d. Finaliz\u00f3 Gasc\u00f3n.<\/p>\n\n\n\n<p>Minec<\/p>\n","protected":false},"excerpt":{"rendered":"<p>El pasado 18 de agosto, Jessiel Gasc\u00f3n, director regional del Ministerio del poder popular para Ecosocialismo (Minec Bol\u00edvar), anunci\u00f3 el cierre en un 30% de las \u00e1reas del parque La Llovizna en el municipio Caron\u00ed, debido a la crecida de los r\u00edos Orinoco y Caron\u00ed, que hab\u00edan ocasionado inundaci\u00f3n en algunos espacios de esta maravilla [&hellip;]<\/p>\n","protected":false},"author":2,"featured_media":198904,"comment_status":"closed","ping_status":"closed","sticky":false,"template":"","format":"standard","meta":{"footnotes":""},"categories":[5,12],"tags":[],"class_list":{"0":"post-198903","1":"post","2":"type-post","3":"status-publish","4":"format-standard","5":"has-post-thumbnail","7":"category-destacado","8":"category-regionales"},"_links":{"self":[{"href":"https:\/\/elluchador.info\/index.php?rest_route=\/wp\/v2\/posts\/198903","targetHints":{"allow":["GET"]}}],"collection":[{"href":"https:\/\/elluchador.info\/index.php?rest_route=\/wp\/v2\/posts"}],"about":[{"href":"https:\/\/elluchador.info\/index.php?rest_route=\/wp\/v2\/types\/post"}],"author":[{"embeddable":true,"href":"https:\/\/elluchador.info\/index.php?rest_route=\/wp\/v2\/users\/2"}],"replies":[{"embeddable":true,"href":"https:\/\/elluchador.info\/index.php?rest_route=%2Fwp%2Fv2%2Fcomments&post=198903"}],"version-history":[{"count":1,"href":"https:\/\/elluchador.info\/index.php?rest_route=\/wp\/v2\/posts\/198903\/revisions"}],"predecessor-version":[{"id":198905,"href":"https:\/\/elluchador.info\/index.php?rest_route=\/wp\/v2\/posts\/198903\/revisions\/198905"}],"wp:featuredmedia":[{"embeddable":true,"href":"https:\/\/elluchador.info\/index.php?rest_route=\/wp\/v2\/media\/198904"}],"wp:attachment":[{"href":"https:\/\/elluchador.info\/index.php?rest_route=%2Fwp%2Fv2%2Fmedia&parent=198903"}],"wp:term":[{"taxonomy":"category","embeddable":true,"href":"https:\/\/elluchador.info\/index.php?rest_route=%2Fwp%2Fv2%2Fcategories&post=198903"},{"taxonomy":"post_tag","embeddable":true,"href":"https:\/\/elluchador.info\/index.php?rest_route=%2Fwp%2Fv2%2Ftags&post=198903"}],"curies":[{"name":"wp","href":"https:\/\/api.w.org\/{rel}","templated":true}]}}