{"id":199543,"date":"2021-09-28T22:09:51","date_gmt":"2021-09-29T02:09:51","guid":{"rendered":"https:\/\/elluchador.info\/web\/?p=199543"},"modified":"2021-09-28T22:09:52","modified_gmt":"2021-09-29T02:09:52","slug":"ni-tan-rosa-ni-tan-azul-programa-del-instituto-mama-rosa-cumple-tres-meses-al-aire","status":"publish","type":"post","link":"https:\/\/elluchador.info\/?p=199543","title":{"rendered":"Ni Tan Rosa Ni Tan Azul, programa del Instituto Mam\u00e1 Rosa cumple tres meses al aire"},"content":{"rendered":"\n<p>El pasado 24 de Septiembre el programa de radio Ni Tan Rosa Ni Tan Azul, La Voz de la Igualdad perteneciente al Instituto Aut\u00f3nomo Regional de la Mujer Mam\u00e1 Rosa, el cu\u00e1l es dirigido por la Dra. Beatriz Level, producido por el periodista Jordan Ruiz y moderado por la Abogada Gina Baena y la Licenciada Norieulis Gonz\u00e1lez, lleg\u00f3 a su tercer mes al aire, transmitido por Electrik 97.7 FM todos los viernes de 09:00am a 10:00am.<br>Cabe se\u00f1alar que este espacio tiene como prop\u00f3sito orientar a la ciudadan\u00eda y sobre todo a las mujeres sobre sus derechos, as\u00ed como tambi\u00e9n, promover la lucha contra la Violencia de G\u00e9nero y el Femicidio.<br>Entre las diversas personalidades que han participado en el programa podemos mencionar a la Ministra del Poder Popular Para la Mujer e Igualdad de G\u00e9nero Margaud Godoy, Rebecca Madrid del Frente Feminista En Tinta Violeta, las Lcdas. Kattiusca Arias de la Direcci\u00f3n de Prevenci\u00f3n del Delito DPD, Deisy Garc\u00eda del Idenna, como parte del Frente Preventivo Contra la Violencia de G\u00e9nero, la Dra. Guadalupe Rivas de la Defensa P\u00fablica, la Dra. Mariela Alejandra Molero, el Dr. Edmundo M\u00e1rquez, Dr. Alcides Bartolozzi, Dr. Orlando Alcal\u00e1 de la Comisi\u00f3n de Derechos Humanos, Dr. Ricardo Aquino Presidente de la ONG Ateneo Ecol\u00f3gico del Orinoco y responsable de investigaci\u00f3n del Observatorio Guayanes de Violencia Basada en G\u00e9nero, Dr Julio C\u00e9sar Y\u00e9pez ex-fiscal, Abogado especialista de delitos de Violencia contra la mujer, Dra. Andrea Bompart<br>Jueza coordinadora y Jueza Superior de la Corte de Apelaci\u00f3n de la Regi\u00f3n Sur del Circuito Judicial en Materia de Delitos de violencia Contra la mujer del Estado Bolivar, entre otras destacadas personalidades.<br>Cabe resaltar que en la edici\u00f3n n\u00famero 12 tuvimos como invitados a el Dr. Edmundo M\u00e1rquez y desde Bogot\u00e1 al Periodista colombiano Yeiver Rivera Diaz, autor del libro \u00abNi Una Menos, Ni Una M\u00e1s, La Ruta al Femicidio\u00bb.<br>\u00a0<br>Desde su apartamento en Bogota, el periodista colombiano, autor de poemarios como \u00abPasi\u00f3n hecha palabra\u00bb (2006) y \u00abPalabra Libre (2008), nos habl\u00f3 de como el machismo se camufla en la cultura, por lo que es fundamental educarse en una lectura critica de las expresiones art\u00edsticas para caer en mensajes degradantes o que fomenten el abuso de las mujeres. Tambi\u00e9n nos describe otra realidad, aun mas ignorada que la de las mujeres violentadas, que descubri\u00f3 en sus investigaciones. La de los hijos que quedan hu\u00e9rfanos y vulnerables al feminicidio.<br>Prensa IARM Mam\u00e1 Rosa<\/p>\n","protected":false},"excerpt":{"rendered":"<p>El pasado 24 de Septiembre el programa de radio Ni Tan Rosa Ni Tan Azul, La Voz de la Igualdad perteneciente al Instituto Aut\u00f3nomo Regional de la Mujer Mam\u00e1 Rosa, el cu\u00e1l es dirigido por la Dra. Beatriz Level, producido por el periodista Jordan Ruiz y moderado por la Abogada Gina Baena y la Licenciada [&hellip;]<\/p>\n","protected":false},"author":2,"featured_media":199545,"comment_status":"closed","ping_status":"closed","sticky":false,"template":"","format":"standard","meta":{"footnotes":""},"categories":[5,12],"tags":[],"class_list":{"0":"post-199543","1":"post","2":"type-post","3":"status-publish","4":"format-standard","5":"has-post-thumbnail","7":"category-destacado","8":"category-regionales"},"_links":{"self":[{"href":"https:\/\/elluchador.info\/index.php?rest_route=\/wp\/v2\/posts\/199543","targetHints":{"allow":["GET"]}}],"collection":[{"href":"https:\/\/elluchador.info\/index.php?rest_route=\/wp\/v2\/posts"}],"about":[{"href":"https:\/\/elluchador.info\/index.php?rest_route=\/wp\/v2\/types\/post"}],"author":[{"embeddable":true,"href":"https:\/\/elluchador.info\/index.php?rest_route=\/wp\/v2\/users\/2"}],"replies":[{"embeddable":true,"href":"https:\/\/elluchador.info\/index.php?rest_route=%2Fwp%2Fv2%2Fcomments&post=199543"}],"version-history":[{"count":1,"href":"https:\/\/elluchador.info\/index.php?rest_route=\/wp\/v2\/posts\/199543\/revisions"}],"predecessor-version":[{"id":199546,"href":"https:\/\/elluchador.info\/index.php?rest_route=\/wp\/v2\/posts\/199543\/revisions\/199546"}],"wp:featuredmedia":[{"embeddable":true,"href":"https:\/\/elluchador.info\/index.php?rest_route=\/wp\/v2\/media\/199545"}],"wp:attachment":[{"href":"https:\/\/elluchador.info\/index.php?rest_route=%2Fwp%2Fv2%2Fmedia&parent=199543"}],"wp:term":[{"taxonomy":"category","embeddable":true,"href":"https:\/\/elluchador.info\/index.php?rest_route=%2Fwp%2Fv2%2Fcategories&post=199543"},{"taxonomy":"post_tag","embeddable":true,"href":"https:\/\/elluchador.info\/index.php?rest_route=%2Fwp%2Fv2%2Ftags&post=199543"}],"curies":[{"name":"wp","href":"https:\/\/api.w.org\/{rel}","templated":true}]}}