{"id":199658,"date":"2021-09-30T14:47:13","date_gmt":"2021-09-30T18:47:13","guid":{"rendered":"https:\/\/elluchador.info\/web\/?p=199658"},"modified":"2021-09-30T14:47:14","modified_gmt":"2021-09-30T18:47:14","slug":"colombia-participara-en-la-puja-por-organizar-la-copa-america-femenina-de-2022","status":"publish","type":"post","link":"https:\/\/elluchador.info\/?p=199658","title":{"rendered":"Colombia participar\u00e1 en la puja por organizar la Copa Am\u00e9rica Femenina de 2022"},"content":{"rendered":"\n<p>&nbsp;El presidente de la Federaci\u00f3n Colombiana de F\u00fatbol (FCF), Ram\u00f3n Jesur\u00fan, afirm\u00f3 este mi\u00e9rcoles que su pa\u00eds participar\u00e1 en la puja por organizar la Copa Am\u00e9rica Femenina de 2022, que dar\u00e1 cinco cupos, tres directos y dos a repescas, para el Mundial de Australia y Nueva Zelanda 2023.<\/p>\n\n\n\n<p><strong>\u00abHay una convocatoria de la Conmebol (Confederaci\u00f3n Sudamericana de F\u00fatbol) a todas las 10 federaciones a ver quienes est\u00e1n interesadas. Vamos a aplicar\u00bb<\/strong>, asegur\u00f3 a periodistas Jesur\u00fan, que lament\u00f3 que Colombia tiene \u00abun inri\u00bb que es la Copa Am\u00e9rica masculina que ten\u00eda prevista realizar con Argentina este a\u00f1o pero que por la pandemia al final se jug\u00f3 en Brasil. <\/p>\n\n\n\n<p>El directivo precis\u00f3 que Colombia \u00abtiene todo, la disposici\u00f3n, el apoyo y los recursos\u00bb, pues para el pa\u00eds ser\u00eda un gran \u00abhonor\u00bb acoger un evento de esta magnitud. <\/p>\n\n\n\n<p>\u00abEsa Copa Am\u00e9rica es muy importante porque da la clasificaci\u00f3n al Mundial y nosotros, s\u00ed o s\u00ed, tenemos que clasificar\u00bb, a\u00f1adi\u00f3 el presidente de la FCF.<\/p>\n\n\n\n<p>La \u00faltima Copa Am\u00e9rica Femenina se disput\u00f3 en 2018 en Chile y all\u00ed Brasil sali\u00f3 campeona, mientras que las anfitrionas fueron segundas y las argentinas terceras.<\/p>\n\n\n\n<p>De los ocho ediciones que se han disputado hasta el momento, la Canarinha ha ganado siete<strong>&nbsp;(1991, 1995, 1998, 2003, 2010, 2014 y 2018)<\/strong>&nbsp;y la Albiceleste gan\u00f3 la restante, en 2006.<\/p>\n\n\n\n<p>EFE\/Uni\u00f3n Radio<\/p>\n","protected":false},"excerpt":{"rendered":"<p>&nbsp;El presidente de la Federaci\u00f3n Colombiana de F\u00fatbol (FCF), Ram\u00f3n Jesur\u00fan, afirm\u00f3 este mi\u00e9rcoles que su pa\u00eds participar\u00e1 en la puja por organizar la Copa Am\u00e9rica Femenina de 2022, que dar\u00e1 cinco cupos, tres directos y dos a repescas, para el Mundial de Australia y Nueva Zelanda 2023. \u00abHay una convocatoria de la Conmebol (Confederaci\u00f3n [&hellip;]<\/p>\n","protected":false},"author":2,"featured_media":199659,"comment_status":"closed","ping_status":"closed","sticky":false,"template":"","format":"standard","meta":{"footnotes":""},"categories":[4,5],"tags":[],"class_list":{"0":"post-199658","1":"post","2":"type-post","3":"status-publish","4":"format-standard","5":"has-post-thumbnail","7":"category-deportes","8":"category-destacado"},"_links":{"self":[{"href":"https:\/\/elluchador.info\/index.php?rest_route=\/wp\/v2\/posts\/199658","targetHints":{"allow":["GET"]}}],"collection":[{"href":"https:\/\/elluchador.info\/index.php?rest_route=\/wp\/v2\/posts"}],"about":[{"href":"https:\/\/elluchador.info\/index.php?rest_route=\/wp\/v2\/types\/post"}],"author":[{"embeddable":true,"href":"https:\/\/elluchador.info\/index.php?rest_route=\/wp\/v2\/users\/2"}],"replies":[{"embeddable":true,"href":"https:\/\/elluchador.info\/index.php?rest_route=%2Fwp%2Fv2%2Fcomments&post=199658"}],"version-history":[{"count":1,"href":"https:\/\/elluchador.info\/index.php?rest_route=\/wp\/v2\/posts\/199658\/revisions"}],"predecessor-version":[{"id":199660,"href":"https:\/\/elluchador.info\/index.php?rest_route=\/wp\/v2\/posts\/199658\/revisions\/199660"}],"wp:featuredmedia":[{"embeddable":true,"href":"https:\/\/elluchador.info\/index.php?rest_route=\/wp\/v2\/media\/199659"}],"wp:attachment":[{"href":"https:\/\/elluchador.info\/index.php?rest_route=%2Fwp%2Fv2%2Fmedia&parent=199658"}],"wp:term":[{"taxonomy":"category","embeddable":true,"href":"https:\/\/elluchador.info\/index.php?rest_route=%2Fwp%2Fv2%2Fcategories&post=199658"},{"taxonomy":"post_tag","embeddable":true,"href":"https:\/\/elluchador.info\/index.php?rest_route=%2Fwp%2Fv2%2Ftags&post=199658"}],"curies":[{"name":"wp","href":"https:\/\/api.w.org\/{rel}","templated":true}]}}