{"id":199666,"date":"2021-09-30T14:57:49","date_gmt":"2021-09-30T18:57:49","guid":{"rendered":"https:\/\/elluchador.info\/web\/?p=199666"},"modified":"2021-09-30T14:57:50","modified_gmt":"2021-09-30T18:57:50","slug":"usuarios-de-cantv-con-prepago-deberan-cambiarse-a-pospago","status":"publish","type":"post","link":"https:\/\/elluchador.info\/?p=199666","title":{"rendered":"Usuarios de Cantv con prepago deber\u00e1n cambiarse a pospago"},"content":{"rendered":"\n<p>La compa\u00f1\u00eda estatal Cantv inform\u00f3 a sus usuarios que tienen la modalidad prepago que\u00a0<strong>deben cambiarla a pospago para su facturaci\u00f3n<\/strong>. De lo contrario, advirti\u00f3 la empresa, se proceder\u00e1 a suspender los servicios.<\/p>\n\n\n\n<p>\u201cNos encontramos realizando&nbsp;<strong>la actualizaci\u00f3n y transferencia de l\u00edneas telef\u00f3nicas<\/strong>&nbsp;en modalidad prepago a la modalidad pospago para su debida facturaci\u00f3n\u201d, inform\u00f3 Cantv en un comunicado difundido a trav\u00e9s de&nbsp;<a href=\"https:\/\/twitter.com\/salaprensaCantv\/status\/1442484861718212614\">sus redes sociales<\/a>.<\/p>\n\n\n\n<p>La compa\u00f1\u00eda dijo que los usuarios interesados deben comunicarse a la brevedad posible&nbsp;<strong>a<\/strong>&nbsp;<strong>trav\u00e9s de sus canales de atenci\u00f3n digital<\/strong>, como Cati, su asistente virtual en su p\u00e1gina web, o mediante WhatsApp.<\/p>\n\n\n\n<p>\u201cSi no est\u00e1s interesado, en los pr\u00f3ximos d\u00edas procederemos con el retiro del servicio\u201d, dice el comunicado, en el que no se se\u00f1al\u00f3 si los usuarios ten\u00edan una fecha l\u00edmite para concretar el cambio.<\/p>\n\n\n\n<p>Jes\u00fas Alcana, presidente de la compa\u00f1\u00eda estatal, dijo hace dos semanas que estaban haciendo \u00e9nfasis en el pago de las facturas de telefon\u00eda. Y advirti\u00f3 que cortar\u00e1n los servicios a las personas que no cancelen las deudas.<\/p>\n\n\n\n<figure class=\"wp-block-embed is-type-rich is-provider-twitter wp-block-embed-twitter\"><div class=\"wp-block-embed__wrapper\">\n<blockquote class=\"twitter-tweet\" data-width=\"550\" data-dnt=\"true\"><p lang=\"es\" dir=\"ltr\"><a href=\"https:\/\/twitter.com\/hashtag\/QueNoSeTeOlvide?src=hash&amp;ref_src=twsrc%5Etfw\">#QueNoSeTeOlvide<\/a> \ud83d\ude4b\ud83c\udffb\u200d\u2640\ufe0f Si est\u00e1s interesado en este cambio, cont\u00e1ctanos a trav\u00e9s de nuestros canales de atenci\u00f3n digital para realizar la actualizaci\u00f3n. Si no est\u00e1s interesado, en los pr\u00f3ximos d\u00edas procederemos con el retiro del servicio. <a href=\"https:\/\/t.co\/X922UfCFCN\">pic.twitter.com\/X922UfCFCN<\/a><\/p>&mdash; Cantv (@salaprensaCantv) <a href=\"https:\/\/twitter.com\/salaprensaCantv\/status\/1442484861718212614?ref_src=twsrc%5Etfw\">September 27, 2021<\/a><\/blockquote><script async src=\"https:\/\/platform.twitter.com\/widgets.js\" charset=\"utf-8\"><\/script>\n<\/div><\/figure>\n\n\n\n<p>El Nacional <\/p>\n","protected":false},"excerpt":{"rendered":"<p>La compa\u00f1\u00eda estatal Cantv inform\u00f3 a sus usuarios que tienen la modalidad prepago que\u00a0deben cambiarla a pospago para su facturaci\u00f3n. De lo contrario, advirti\u00f3 la empresa, se proceder\u00e1 a suspender los servicios. \u201cNos encontramos realizando&nbsp;la actualizaci\u00f3n y transferencia de l\u00edneas telef\u00f3nicas&nbsp;en modalidad prepago a la modalidad pospago para su debida facturaci\u00f3n\u201d, inform\u00f3 Cantv en un [&hellip;]<\/p>\n","protected":false},"author":2,"featured_media":189995,"comment_status":"closed","ping_status":"closed","sticky":false,"template":"","format":"standard","meta":{"footnotes":""},"categories":[9],"tags":[],"class_list":{"0":"post-199666","1":"post","2":"type-post","3":"status-publish","4":"format-standard","5":"has-post-thumbnail","7":"category-nacionales"},"_links":{"self":[{"href":"https:\/\/elluchador.info\/index.php?rest_route=\/wp\/v2\/posts\/199666","targetHints":{"allow":["GET"]}}],"collection":[{"href":"https:\/\/elluchador.info\/index.php?rest_route=\/wp\/v2\/posts"}],"about":[{"href":"https:\/\/elluchador.info\/index.php?rest_route=\/wp\/v2\/types\/post"}],"author":[{"embeddable":true,"href":"https:\/\/elluchador.info\/index.php?rest_route=\/wp\/v2\/users\/2"}],"replies":[{"embeddable":true,"href":"https:\/\/elluchador.info\/index.php?rest_route=%2Fwp%2Fv2%2Fcomments&post=199666"}],"version-history":[{"count":1,"href":"https:\/\/elluchador.info\/index.php?rest_route=\/wp\/v2\/posts\/199666\/revisions"}],"predecessor-version":[{"id":199667,"href":"https:\/\/elluchador.info\/index.php?rest_route=\/wp\/v2\/posts\/199666\/revisions\/199667"}],"wp:featuredmedia":[{"embeddable":true,"href":"https:\/\/elluchador.info\/index.php?rest_route=\/wp\/v2\/media\/189995"}],"wp:attachment":[{"href":"https:\/\/elluchador.info\/index.php?rest_route=%2Fwp%2Fv2%2Fmedia&parent=199666"}],"wp:term":[{"taxonomy":"category","embeddable":true,"href":"https:\/\/elluchador.info\/index.php?rest_route=%2Fwp%2Fv2%2Fcategories&post=199666"},{"taxonomy":"post_tag","embeddable":true,"href":"https:\/\/elluchador.info\/index.php?rest_route=%2Fwp%2Fv2%2Ftags&post=199666"}],"curies":[{"name":"wp","href":"https:\/\/api.w.org\/{rel}","templated":true}]}}