{"id":199681,"date":"2021-09-30T21:31:39","date_gmt":"2021-10-01T01:31:39","guid":{"rendered":"https:\/\/elluchador.info\/web\/?p=199681"},"modified":"2021-09-30T21:31:41","modified_gmt":"2021-10-01T01:31:41","slug":"piden-distribucion-equitativa-de-vacunas-para-paises-latinos-y-del-caribe","status":"publish","type":"post","link":"https:\/\/elluchador.info\/?p=199681","title":{"rendered":"Piden distribucion equitativa de vacunas para paises latinos y del Caribe"},"content":{"rendered":"\n<p>Los pa\u00edses de Am\u00e9rica Latina y el Caribe reclamaron este jueves una distribuci\u00f3n m\u00e1s equitativa de las vacunas contra la covid-19, al advertir sobre el peligro que representan las nuevas variantes para el continente americano, el m\u00e1s afectado en t\u00e9rminos de contagios y muertes por la pandemia.<\/p>\n\n\n\n<p>\u00abNecesitamos m\u00e1s dosis, este hemisferio necesita m\u00e1s dosis, nuestros pa\u00edses necesitan m\u00e1s dosis\u00bb, dijo el secretario general de la Organizaci\u00f3n de Estados Americanos (OEA), Luis Almagro, en una sesi\u00f3n extraordinaria del Consejo Permanente de ese organismo que analiz\u00f3 el panorama de la pandemia en Am\u00e9rica.<\/p>\n\n\n\n<p>Almagro defendi\u00f3 la vacunaci\u00f3n como \u00abel camino\u00bb para recuperar el tejido social, reafirmar el crecimiento de la econom\u00eda y asegurar las condiciones de salud de la poblaci\u00f3n.<\/p>\n\n\n\n<p>La reuni\u00f3n, celebrada de forma virtual y convocada con el apoyo de la Organizaci\u00f3n Panamericana de la Salud (OPS), sirvi\u00f3 de escenario para que los pa\u00edses expresaran su preocupaci\u00f3n por el acceso dispar a las dosis y la necesidad de la cooperaci\u00f3n para sobrellevar el impacto de la actual pandemia.<\/p>\n\n\n\n<p>El director general de la Organizaci\u00f3n Mundial de la Salud (OMS), Tedros Adhanom Ghebreyesus, consider\u00f3 que la lecci\u00f3n que deja la covid \u00abes clara\u00bb y vio la cooperaci\u00f3n mundial como \u00abla \u00fanica manera de hacer frente a una amenaza global.<\/p>\n\n\n\n<p>Tedros pidi\u00f3 a los pa\u00edses de Am\u00e9rica que apoyen un acuerdo \u00abjur\u00eddicamente vinculante\u00bb para afrontar posibles pandemias, que asegur\u00f3 que proporcionar\u00e1 un \u00abmarco general para la seguridad sanitaria mundial\u00bb.<\/p>\n\n\n\n<p>La directora de la OPS, Carissa Etienne, se sum\u00f3 a las voces que reclamaron un mayor acceso a las vacunas, al insistir en que esta regi\u00f3n \u00abha sufrido m\u00e1s casos y muertes por causa del virus\u00bb.<\/p>\n\n\n\n<p>Hizo hincapi\u00e9 en el impacto econ\u00f3mico de la pandemia en Am\u00e9rica, que consider\u00f3 que ha sido \u00abel doble\u00bb que en el resto del mundo y ha dejado 22 millones de personas sumidas en la pobreza, \u00aben una regi\u00f3n que ya estaba plagada de desigualdades\u00bb.<\/p>\n\n\n\n<p>EFE<\/p>\n","protected":false},"excerpt":{"rendered":"<p>Los pa\u00edses de Am\u00e9rica Latina y el Caribe reclamaron este jueves una distribuci\u00f3n m\u00e1s equitativa de las vacunas contra la covid-19, al advertir sobre el peligro que representan las nuevas variantes para el continente americano, el m\u00e1s afectado en t\u00e9rminos de contagios y muertes por la pandemia. \u00abNecesitamos m\u00e1s dosis, este hemisferio necesita m\u00e1s dosis, [&hellip;]<\/p>\n","protected":false},"author":2,"featured_media":199682,"comment_status":"closed","ping_status":"closed","sticky":false,"template":"","format":"standard","meta":{"footnotes":""},"categories":[5,19],"tags":[],"class_list":{"0":"post-199681","1":"post","2":"type-post","3":"status-publish","4":"format-standard","5":"has-post-thumbnail","7":"category-destacado","8":"category-salud"},"_links":{"self":[{"href":"https:\/\/elluchador.info\/index.php?rest_route=\/wp\/v2\/posts\/199681","targetHints":{"allow":["GET"]}}],"collection":[{"href":"https:\/\/elluchador.info\/index.php?rest_route=\/wp\/v2\/posts"}],"about":[{"href":"https:\/\/elluchador.info\/index.php?rest_route=\/wp\/v2\/types\/post"}],"author":[{"embeddable":true,"href":"https:\/\/elluchador.info\/index.php?rest_route=\/wp\/v2\/users\/2"}],"replies":[{"embeddable":true,"href":"https:\/\/elluchador.info\/index.php?rest_route=%2Fwp%2Fv2%2Fcomments&post=199681"}],"version-history":[{"count":1,"href":"https:\/\/elluchador.info\/index.php?rest_route=\/wp\/v2\/posts\/199681\/revisions"}],"predecessor-version":[{"id":199683,"href":"https:\/\/elluchador.info\/index.php?rest_route=\/wp\/v2\/posts\/199681\/revisions\/199683"}],"wp:featuredmedia":[{"embeddable":true,"href":"https:\/\/elluchador.info\/index.php?rest_route=\/wp\/v2\/media\/199682"}],"wp:attachment":[{"href":"https:\/\/elluchador.info\/index.php?rest_route=%2Fwp%2Fv2%2Fmedia&parent=199681"}],"wp:term":[{"taxonomy":"category","embeddable":true,"href":"https:\/\/elluchador.info\/index.php?rest_route=%2Fwp%2Fv2%2Fcategories&post=199681"},{"taxonomy":"post_tag","embeddable":true,"href":"https:\/\/elluchador.info\/index.php?rest_route=%2Fwp%2Fv2%2Ftags&post=199681"}],"curies":[{"name":"wp","href":"https:\/\/api.w.org\/{rel}","templated":true}]}}