{"id":199692,"date":"2021-09-30T22:00:38","date_gmt":"2021-10-01T02:00:38","guid":{"rendered":"https:\/\/elluchador.info\/web\/?p=199692"},"modified":"2021-09-30T22:00:40","modified_gmt":"2021-10-01T02:00:40","slug":"sancionada-ley-para-promocion-y-uso-del-lenguaje-de-genero","status":"publish","type":"post","link":"https:\/\/elluchador.info\/?p=199692","title":{"rendered":"Sancionada Ley para Promoci\u00f3n y Uso del Lenguaje de G\u00e9nero"},"content":{"rendered":"\n<p><br>Este texto legal plantea el reconocimiento de los t\u00edtulos acad\u00e9micos en masculino y femenino, y el uso del lenguaje inclusivo en los medios de comunicaci\u00f3n, en los procesos judiciales y otros espacios<\/p>\n\n\n\n<p>La Asamblea Nacional sancion\u00f3 este jueves el Proyecto de Ley para la Promoci\u00f3n y Uso del Lenguaje con Enfoque de G\u00e9nero.<\/p>\n\n\n\n<p>La diputada Asia Villegas, presidenta de la Comisi\u00f3n Permanente de Familias, Libertad de Religi\u00f3n y Cultos, indic\u00f3 que el texto legal se refiere al uso del lenguaje inclusivo y no sexista y a la visibilizaci\u00f3n de la mujer como sujeto de derecho, en consonancia con la Constituci\u00f3n de la Rep\u00fablica Bolivariana de Venezuela.<\/p>\n\n\n\n<p>Enfatiz\u00f3 que esta ley plantea el reconocimiento de los t\u00edtulos de educaci\u00f3n en masculino y femenino, y el uso del lenguaje inclusivo en los medios de comunicaci\u00f3n, en los procesos judiciales y otros espacios.<\/p>\n\n\n\n<p>A trav\u00e9s de esta Ley se busca contribuir a visibilizar en \u201cel Estado, la familia y la sociedad\u201d, como medio indispensable para que la igualdad entre hombres y mujeres sea real y efectiva.<\/p>\n\n\n\n<p>Indica que contribuir\u00e1 a que visibilizar a las mujeres en la comunicaci\u00f3n escrita y oral, y evitar el uso del masculino para generalizar en diferentes \u00e1reas como en el sistema educativo, todo t\u00edtulo acad\u00e9mico debe emplear el lenguaje con enfoque de g\u00e9nero, a partir de que sea publicada en Gaceta oficial dicha normativa.<\/p>\n\n\n\n<p>El proyecto de Ley aprobado fue remitido al Ejecutivo Nacional para su promulgaci\u00f3n.<\/p>\n","protected":false},"excerpt":{"rendered":"<p>Este texto legal plantea el reconocimiento de los t\u00edtulos acad\u00e9micos en masculino y femenino, y el uso del lenguaje inclusivo en los medios de comunicaci\u00f3n, en los procesos judiciales y otros espacios La Asamblea Nacional sancion\u00f3 este jueves el Proyecto de Ley para la Promoci\u00f3n y Uso del Lenguaje con Enfoque de G\u00e9nero. La diputada [&hellip;]<\/p>\n","protected":false},"author":2,"featured_media":199693,"comment_status":"closed","ping_status":"closed","sticky":false,"template":"","format":"standard","meta":{"footnotes":""},"categories":[5,9],"tags":[],"class_list":{"0":"post-199692","1":"post","2":"type-post","3":"status-publish","4":"format-standard","5":"has-post-thumbnail","7":"category-destacado","8":"category-nacionales"},"_links":{"self":[{"href":"https:\/\/elluchador.info\/index.php?rest_route=\/wp\/v2\/posts\/199692","targetHints":{"allow":["GET"]}}],"collection":[{"href":"https:\/\/elluchador.info\/index.php?rest_route=\/wp\/v2\/posts"}],"about":[{"href":"https:\/\/elluchador.info\/index.php?rest_route=\/wp\/v2\/types\/post"}],"author":[{"embeddable":true,"href":"https:\/\/elluchador.info\/index.php?rest_route=\/wp\/v2\/users\/2"}],"replies":[{"embeddable":true,"href":"https:\/\/elluchador.info\/index.php?rest_route=%2Fwp%2Fv2%2Fcomments&post=199692"}],"version-history":[{"count":1,"href":"https:\/\/elluchador.info\/index.php?rest_route=\/wp\/v2\/posts\/199692\/revisions"}],"predecessor-version":[{"id":199694,"href":"https:\/\/elluchador.info\/index.php?rest_route=\/wp\/v2\/posts\/199692\/revisions\/199694"}],"wp:featuredmedia":[{"embeddable":true,"href":"https:\/\/elluchador.info\/index.php?rest_route=\/wp\/v2\/media\/199693"}],"wp:attachment":[{"href":"https:\/\/elluchador.info\/index.php?rest_route=%2Fwp%2Fv2%2Fmedia&parent=199692"}],"wp:term":[{"taxonomy":"category","embeddable":true,"href":"https:\/\/elluchador.info\/index.php?rest_route=%2Fwp%2Fv2%2Fcategories&post=199692"},{"taxonomy":"post_tag","embeddable":true,"href":"https:\/\/elluchador.info\/index.php?rest_route=%2Fwp%2Fv2%2Ftags&post=199692"}],"curies":[{"name":"wp","href":"https:\/\/api.w.org\/{rel}","templated":true}]}}