{"id":199701,"date":"2021-10-01T09:15:48","date_gmt":"2021-10-01T13:15:48","guid":{"rendered":"https:\/\/elluchador.info\/web\/?p=199701"},"modified":"2021-10-01T09:15:50","modified_gmt":"2021-10-01T13:15:50","slug":"la-venezolana-oricia-dominguez-dos-santos-miss-portugal-2021","status":"publish","type":"post","link":"https:\/\/elluchador.info\/?p=199701","title":{"rendered":"La venezolana Oricia Dom\u00ednguez Dos Santos, Miss Portugal 2021"},"content":{"rendered":"\n<p>Perseverancia. Esa es la palabra que mejor define la historia de<strong>&nbsp;Oricia Dom\u00ednguez Dos Santos,<\/strong>&nbsp;<a href=\"https:\/\/www.elnacional.com\/entretenimiento\/oricia-dominguez-dos-santos-la-venezolana-que-representara-a-portugal-en-el-miss-universo\/\" target=\"_blank\" rel=\"noreferrer noopener\">Miss Portugal 2021<\/a>. Nacida en Macuto en 1994, hija de una modista de origen portugu\u00e9s y un avicultor espa\u00f1ol, su infancia transcurri\u00f3 en un peque\u00f1o asentamiento campesino en Cataure, en la parroquia Carayaca de La Guaira, donde creci\u00f3 rodeada de naturaleza. Desde peque\u00f1a, dice, fue una persona determinada, capaz de solucionar los problemas que se le presentaban y con mucha pasi\u00f3n por la moda.<\/p>\n\n\n\n<p>Venezolana, portuguesa y espa\u00f1ola,&nbsp;<strong>en 2018 particip\u00f3 en el Miss Venezuela<\/strong>&nbsp;con la banda de Miss T\u00e1chira, concurso donde, a pesar de no ser la favorita, fue la segunda finalista. Graduada con honores en Enfermer\u00eda en la Universidad Central de Venezuela, con una maestr\u00eda en Estilismo y Medios Audiovisuales impartida por Conde Nast y la Universidad Carlos III, en Espa\u00f1a, la tambi\u00e9n estilista y personal shopper representar\u00e1 a Portugal en el&nbsp;<a href=\"https:\/\/www.facebook.com\/MissUniverse\" target=\"_blank\" rel=\"noreferrer noopener\">Miss Universo 2021,<\/a>&nbsp;certamen que se celebrar\u00e1 en Israel en diciembre.<\/p>\n\n\n\n<p>\u201cEn el Miss Universo dar\u00e9 dos mensajes:\u00a0<strong>el primero es el de la perseverancia<\/strong>. A veces nos limitamos a hacer cosas por miedo a lo que dir\u00e1n los dem\u00e1s, o tenemos miedo de seguir intent\u00e1ndolo. Pero la vida consiste en eso, en fallar, aprender y volver a intentar. Ese mensaje lo transmite mi historia. Y el segundo mensaje ser\u00e1 el del empoderamiento femenino a trav\u00e9s de la imagen. Soy estilista, personal shopper y esa es una de las cosas que quiero potenciar durante el certamen\u201d, comenta.<\/p>\n\n\n\n<figure class=\"wp-block-image\" id=\"attachment_757869\"><img decoding=\"async\" src=\"https:\/\/cdn.elnacional.com\/wp-content\/uploads\/2021\/09\/ORICIA4-1.jpg\" alt=\"Oricia Dom\u00ednguez\" class=\"wp-image-757869\"\/><figcaption>La venezolana creci\u00f3 rodeada de naturaleza en un asentamiento campesino | Foto Cortes\u00eda<\/figcaption><\/figure>\n\n\n\n<p>Todas las mujeres, asegura, en alg\u00fan momento de sus vidas sienten inseguridades. Por ello, dice, es importante reconocerlas para sacarle provecho a los puntos fuertes. \u201cA trav\u00e9s de la imagen se puede lograr.\u00a0<strong>Quiero que las mujeres tengan m\u00e1s \u00e9xito en sus vidas.<\/strong>\u00a0Porque si logras que las mujeres se sientan m\u00e1s seguras, dar\u00e1n cada paso firme para lograr lo que se propongan. Las mujeres somos indetenibles y no hay nada imposible para nosotras\u201d, afirma.<\/p>\n\n\n\n<h2 class=\"wp-block-heading\">Belleza e inteligencia<\/h2>\n\n\n\n<p>Oricia Dom\u00ednguez Dos Santos estudi\u00f3 en Carayaca hasta noveno grado y luego tuvo que continuar en Catia La Mar por su inter\u00e9s en el \u00e1rea de ciencias. Se gradu\u00f3 con honores (d\u00f3nde se gradu\u00f3), obtuvo el mejor promedio de la promoci\u00f3n y<strong>&nbsp;logr\u00f3 ingresar en la UCV,<\/strong>&nbsp;una de sus m\u00e1s grandes metas. A la par, inici\u00f3 su carrera en el mundo del modelaje.<\/p>\n\n\n\n<p>\u201cLa moda siempre estuvo muy cercana a m\u00ed porque mi madre era modista y yo era su modelo. Yo dise\u00f1aba vestidos para que ella me los patronara\u201d, relata. Ten\u00eda 15 a\u00f1os de edad cuando comenz\u00f3 a trabajar con la agencia&nbsp;Garbo &amp; Class, en Caracas.&nbsp;Viajaba de La Guaira a la capital cada vez que ten\u00eda clases.<\/p>\n\n\n\n<p>Para ese entonces el modelaje era un trabajo extra:&nbsp;<strong>quer\u00eda centrarse en los estudios y crecer intelectualmente.<\/strong>&nbsp;Por eso,&nbsp;&nbsp;a los 17 a\u00f1os de edad le dijo a sus padres que se mudar\u00eda a Caracas para continuar con sus estudios.<\/p>\n\n\n\n<p>En sus estudios de pregrado mantuvo su vocaci\u00f3n de servir a los dem\u00e1s. Obtuvo todas las menciones posibles tanto como estudiante como en su tesis de grado. Fue dirigente estudiantil, dirigi\u00f3 proyectos de&nbsp;<strong>servicio comunitario en el \u00e1rea de la salud<\/strong>, especialmente en el sector de donaci\u00f3n de sangre, que la hizo ganadora de una beca para estudiar ingl\u00e9s en Boston. Adem\u00e1s, particip\u00f3 en Lidera, un programa de formaci\u00f3n de liderazgo en el que consigui\u00f3 el promedio m\u00e1s alto.<\/p>\n\n\n\n<p>Estaba por graduarse en la UCV, donde obtuvo la menci\u00f3n summa cum laude, cuando muri\u00f3 su madre, un hecho que marc\u00f3 su vida. Hija \u00fanica, se hizo cargo de su padre, ya bastante mayor, quien falleci\u00f3 en 2018. En ese momento de su vida se enfoc\u00f3 en su crecimiento personal form\u00e1ndose en coaching organizacional y programaci\u00f3n neuroling\u00fc\u00edstica.<\/p>\n\n\n\n<p><strong>Apareci\u00f3 entonces el Miss Venezuela.<\/strong><\/p>\n\n\n\n<h2 class=\"wp-block-heading\">Aprovechar las oportunidades<\/h2>\n\n\n\n<p>Oricia Dom\u00ednguez siempre vio al Miss Venezuela y al Miss Universo en un horizonte lejano,&nbsp;<strong>al que le parec\u00eda muy dif\u00edcil llegar.<\/strong>&nbsp;\u201cParticipar en un certamen as\u00ed siempre lo vi como algo inalcanzable que no estaba en mis objetivos de vida porque siempre estuve m\u00e1s enfocada en mi carrera universitaria. Pero en 2018 se me present\u00f3 la oportunidad de participar en el Miss Venezuela. Me postul\u00e9 de manera online y&nbsp; el destino lo ten\u00eda en mi vida porque qued\u00e9\u201d, comenta.<\/p>\n\n\n\n<p>Era la primera vez que participaba en un certamen de belleza. \u201c<strong>Fui la segunda finalista,<\/strong>&nbsp;para m\u00ed un logro bastante grande. Fue lo que me hizo, en parte, cambiar mi carrera hacia el mundo de la moda\u201d.<\/p>\n\n\n\n<p>Trabaj\u00f3 un a\u00f1o con la Organizaci\u00f3n Miss Venezuela. \u201cEstuve en campa\u00f1as, detr\u00e1s de c\u00e1maras y pens\u00e9 \u2018me gusta la moda, la disfruto, puedo trabajar en esto\u2019. Apliqu\u00e9 para el M\u00e1ster en Espa\u00f1a una vez termin\u00e9 mi contrato con el concurso y me encant\u00f3. A partir de entonces empec\u00e9&nbsp;<strong>a meterme en el mundo del estilismo<\/strong>\u201d, relata. Gracias a la maestr\u00eda trabaj\u00f3 para<em>&nbsp;GQ, Vogue&nbsp;<\/em>y<em>&nbsp;Vanity Fair,<\/em>&nbsp;as\u00ed como en publicaciones no tan conocidas.<\/p>\n\n\n\n<figure class=\"wp-block-image\" id=\"attachment_757868\"><img decoding=\"async\" src=\"https:\/\/cdn.elnacional.com\/wp-content\/uploads\/2021\/09\/ORICIA8-2.jpg\" alt=\"Oricia Dom\u00ednguez\" class=\"wp-image-757868\"\/><figcaption>El Miss Venezuela le ense\u00f1\u00f3 que pod\u00eda trabajar de su pasi\u00f3n: la moda | Foto Cortes\u00eda<\/figcaption><\/figure>\n\n\n\n<p>Al terminar la maestr\u00eda y en medio de la pandemia, apareci\u00f3 la segunda oportunidad de participar en un concurso de&nbsp;<strong>belleza nacional, en este caso Miss World Spain 2020<\/strong>. Represent\u00f3 a la provincia de Guadalajara, donde obtuvo un puesto de finalista en el m\u00f3dulo de proyecto social, que no fue suficiente para obtener una posici\u00f3n entre las finalistas del certamen.<\/p>\n\n\n\n<p>No se olvid\u00f3 de su carrera universitaria y de su pasi\u00f3n por la enfermer\u00eda. En Europa solicitaron enfermeras voluntarias durante la pandemia, una iniciativa en la que quiso participar, pero no pudo porque<strong>&nbsp;su t\u00edtulo universitario no est\u00e1 homologado todav\u00eda<\/strong>. \u201cNo puedo ejercer, por eso mud\u00e9 un poco mi carrera a mi hobby que es la moda. Enfermer\u00eda es una carrera que al pa\u00eds que vayas tienes que homologar, eso tarda aproximadamente dos a\u00f1os. Pero a m\u00ed me encanta mi carrera y la ejerzo todos los d\u00edas en mi vida. Enfermer\u00eda es la carrera de la vida porque hay muchas cosas de tu salud, de la salud de tu entorno, que se pueden prevenir y curar. Todo lo que te ense\u00f1a te ayuda much\u00edsimo d\u00eda a d\u00eda\u201d, afirma.<\/p>\n\n\n\n<p>Y agrega: \u201cLo que era mi carrera&nbsp;<strong>se convirti\u00f3 en un apoyo para mi vida diaria<\/strong>.&nbsp;La vida tiene sus etapas, por eso considero que la planificaci\u00f3n familiar y los proyectos de vida son importantes. Si t\u00fa planificas tus metas y los momentos en los que te preparar\u00e1s para cada objetivo, puedes hacerlo y lo vas a hacer con \u00e9xito\u201d.<\/p>\n\n\n\n<h2 class=\"wp-block-heading\">Espa\u00f1a, Portugal y Venezuela<\/h2>\n\n\n\n<p>La historia de la familia de Oricia Dom\u00ednguez es la misma que la de cientos de portugueses y espa\u00f1oles que viajaron a Venezuela en el pasado en busca de un futuro mejor.&nbsp;\u201cMi pap\u00e1 viaj\u00f3 primero. En ese momento Espa\u00f1a no estaba bien y su familia pasaba por una situaci\u00f3n bastante precaria.&nbsp;<strong>Venezuela en ese momento era el sue\u00f1o americano,<\/strong>&nbsp;estaba en una muy buena posici\u00f3n econ\u00f3mica, era un pa\u00eds que estaba surgiendo\u201d.<\/p>\n\n\n\n<p>A\u00f1os despu\u00e9s, sus pap\u00e1s se conocieron en Venezuela. Su familia materna emigr\u00f3 a Venezuela porque su t\u00edo mayor fue soldado en Portugal y muri\u00f3 en la Guerra de Angola. \u201cEn ese momento, el servicio militar all\u00e1 era obligatorio, as\u00ed que para evitar que mi t\u00edo menor tuviera que cumplirlo, la familia decidi\u00f3 ir a Venezuela\u201d.<\/p>\n\n\n\n<p><strong>Tiene tres nacionalidades: espa\u00f1ola, portuguesa y venezolana.<\/strong>&nbsp;En Portugal vive con familiares, t\u00edas y primos maternos, mientras que en Espa\u00f1a y en Par\u00eds tiene familiares paternos. \u201cMi familia est\u00e1 un poco regada por el mundo\u201d.<\/p>\n\n\n\n<figure class=\"wp-block-image\" id=\"attachment_757867\"><img decoding=\"async\" src=\"https:\/\/cdn.elnacional.com\/wp-content\/uploads\/2021\/09\/ORICIA5-1.jpg\" alt=\"Oricia Dom\u00ednguez\" class=\"wp-image-757867\"\/><figcaption>Siente mucha afinidad con la cultura portugesa, aunque es una mezcla de las tres | Foto Cortes\u00eda<\/figcaption><\/figure>\n\n\n\n<p>En su casa la cultura portuguesa siempre estuvo muy presente, al igual que la gastronom\u00eda espa\u00f1ola. \u201cSiempre com\u00edamos bolo do caco (torta), bacalao, empanada gallega o pulpo. Ambas culturas siempre estuvieron en mi vida\u201d, comenta.<\/p>\n\n\n\n<p>Estudi\u00f3 en un entorno donde hab\u00eda tambi\u00e9n muchos hijos de portugueses y espa\u00f1oles. \u201cCreo que soy una mezcla de todos estos mundos de los cuales he tomado lo mejor.&nbsp; Tanto Venezuela, como Espa\u00f1a, como Portugal, son parte de m\u00ed. Me identifico con las tres. Las etapas m\u00e1s importantes de mi vida las he vivido en cada uno de esos pa\u00edses. Pero si nos vamos por afinidad,&nbsp;<strong>el folklore portugu\u00e9s me encanta.<\/strong>&nbsp;En el Miss Portuguesa realic\u00e9 una danza tradicional de la isla de Madeira\u201d, cuenta.<\/p>\n\n\n\n<p>A diferencia de muchos migrantes venezolanos que sufren la xenofobia, la experiencia de Oricia Dom\u00ednguez ha sido distinta. \u201cEl mundo es redondo y hay \u00e9pocas en las que un lado del mundo est\u00e1 bien y el otro mal, pero eso puede cambiar. Fue lo que pas\u00f3 cuando muchos portugueses migraron a Venezuela y ahora que muchos venezolanos est\u00e1n emigrando, esto hace que esa receptividad exista.&nbsp;<strong>Los portugueses nos reciben muy bien<\/strong>\u201d.<\/p>\n\n\n\n<p>Como Miss Portugal 2021 ha recibido much\u00edsimos comentarios positivos. \u201cUn comentario que me dio mucha risa es que tengo m\u00e1s pasaportes que James Bond. Pero en general ha sido una receptividad muy buena, tengo el apoyo de los venezolanos, de los portugueses y de los espa\u00f1oles\u201d, comenta.<\/p>\n\n\n\n<p>Actualmente, Oricia Dom\u00ednguez trabaja como estilista de moda y personal shopper en imagen personal. Tambi\u00e9n hace traducciones y&nbsp;<strong>asesora a mujeres para que se empoderen a trav\u00e9s de la imagen.<\/strong><\/p>\n\n\n\n<p>De Portugal recomienda sus ferias y fiestas tradicionales del pa\u00eds. \u201cSiempre hacen bailes y en el \u00faltimo invitan a las personas a participar. Yo siempre soy la primera en unirme\u201d.<\/p>\n\n\n\n<p>Sin embargo, a pesar de la bonita experiencia que\u00a0<strong>ha sido encontrarse con sus or\u00edgenes,<\/strong>\u00a0no olvida esa sensaci\u00f3n agridulce que le dej\u00f3 despedirse de Venezuela. \u201cCuando emigras solo te puedes llevar dos maletas, tres maletas, a veces solo una. La vida no te cabe en ellas. Eso es lo m\u00e1s dif\u00edciles que puede vivir cualquier persona que emigre\u201d. <\/p>\n\n\n\n<p><strong>El Nacional<\/strong><\/p>\n","protected":false},"excerpt":{"rendered":"<p>Perseverancia. Esa es la palabra que mejor define la historia de&nbsp;Oricia Dom\u00ednguez Dos Santos,&nbsp;Miss Portugal 2021. Nacida en Macuto en 1994, hija de una modista de origen portugu\u00e9s y un avicultor espa\u00f1ol, su infancia transcurri\u00f3 en un peque\u00f1o asentamiento campesino en Cataure, en la parroquia Carayaca de La Guaira, donde creci\u00f3 rodeada de naturaleza. Desde [&hellip;]<\/p>\n","protected":false},"author":2,"featured_media":199702,"comment_status":"closed","ping_status":"closed","sticky":false,"template":"","format":"standard","meta":{"footnotes":""},"categories":[5,7],"tags":[],"class_list":{"0":"post-199701","1":"post","2":"type-post","3":"status-publish","4":"format-standard","5":"has-post-thumbnail","7":"category-destacado","8":"category-entretenimiento"},"_links":{"self":[{"href":"https:\/\/elluchador.info\/index.php?rest_route=\/wp\/v2\/posts\/199701","targetHints":{"allow":["GET"]}}],"collection":[{"href":"https:\/\/elluchador.info\/index.php?rest_route=\/wp\/v2\/posts"}],"about":[{"href":"https:\/\/elluchador.info\/index.php?rest_route=\/wp\/v2\/types\/post"}],"author":[{"embeddable":true,"href":"https:\/\/elluchador.info\/index.php?rest_route=\/wp\/v2\/users\/2"}],"replies":[{"embeddable":true,"href":"https:\/\/elluchador.info\/index.php?rest_route=%2Fwp%2Fv2%2Fcomments&post=199701"}],"version-history":[{"count":1,"href":"https:\/\/elluchador.info\/index.php?rest_route=\/wp\/v2\/posts\/199701\/revisions"}],"predecessor-version":[{"id":199703,"href":"https:\/\/elluchador.info\/index.php?rest_route=\/wp\/v2\/posts\/199701\/revisions\/199703"}],"wp:featuredmedia":[{"embeddable":true,"href":"https:\/\/elluchador.info\/index.php?rest_route=\/wp\/v2\/media\/199702"}],"wp:attachment":[{"href":"https:\/\/elluchador.info\/index.php?rest_route=%2Fwp%2Fv2%2Fmedia&parent=199701"}],"wp:term":[{"taxonomy":"category","embeddable":true,"href":"https:\/\/elluchador.info\/index.php?rest_route=%2Fwp%2Fv2%2Fcategories&post=199701"},{"taxonomy":"post_tag","embeddable":true,"href":"https:\/\/elluchador.info\/index.php?rest_route=%2Fwp%2Fv2%2Ftags&post=199701"}],"curies":[{"name":"wp","href":"https:\/\/api.w.org\/{rel}","templated":true}]}}