{"id":199719,"date":"2021-10-01T17:10:39","date_gmt":"2021-10-01T21:10:39","guid":{"rendered":"https:\/\/elluchador.info\/web\/?p=199719"},"modified":"2021-10-01T17:10:40","modified_gmt":"2021-10-01T21:10:40","slug":"medicos-aseguran-que-no-es-momento-para-una-flexibilizacion-total","status":"publish","type":"post","link":"https:\/\/elluchador.info\/?p=199719","title":{"rendered":"M\u00e9dicos aseguran que no es momento para una flexibilizaci\u00f3n total"},"content":{"rendered":"\n<p>El presidente de la Academia Nacional de Medicina,&nbsp;<strong>Enrique L\u00f3pez Loyo<\/strong>, afirm\u00f3 que en medio de la \u00abfase progresiva activa\u00bb del n\u00famero de contagios de covid-19 es necesario evitar la flexibilizaci\u00f3n amplia.<\/p>\n\n\n\n<blockquote class=\"wp-block-quote is-layout-flow wp-block-quote-is-layout-flow\"><p>\u00abEn estos momentos no se puede hablar de flexibilizaci\u00f3n completa en primer lugar, no se debe abrir el espacio p\u00fablico para espect\u00e1culos, mecanismos de concentraci\u00f3n por deportes como el caso del beisbol\u00bb, dijo.<\/p><\/blockquote>\n\n\n\n<p>Se\u00f1al\u00f3 que la escolarizaci\u00f3n en estos momentos \u00abes contraproducente\u00bb porque se deben cumplir ciertas condiciones. \u00abHay que aumentar la velocidad de la vacunaci\u00f3n en las \u00e1reas que comprometen\u00bb al sector educativo.<\/p>\n\n\n\n<blockquote class=\"wp-block-quote is-layout-flow wp-block-quote-is-layout-flow\"><p>\u00abLa fase de crecimiento de casos est\u00e1 activa y eso es el principal punto que la OMS genera como limitaci\u00f3n para hacer una flexibilizaci\u00f3n completa en las \u00e1reas geogr\u00e1fica\u00bb, agreg\u00f3.<\/p><\/blockquote>\n\n\n\n<p><strong>Pruebas diarias<\/strong><\/p>\n\n\n\n<p>L\u00f3pez loyo asegur\u00f3 que en el pa\u00eds \u00abha habido una progresi\u00f3n del n\u00famero de casos\u00bb de covid-19 de manera \u00abinexorable lo cual no est\u00e1 reflejado continuamente\u00bb en las cifras oficiales que se emiten a diario.<\/p>\n\n\n\n<p>Coment\u00f3 que con el paso del tiempo en Venezuela ha registrado \u00abuna disminuci\u00f3n progresiva en la disponibilidad de pruebas\u00bb anticovid.<\/p>\n\n\n\n<blockquote class=\"wp-block-quote is-layout-flow wp-block-quote-is-layout-flow\"><p>\u00abLa estructura diagn\u00f3stica en Venezuela tiene una serie de problemas porque no existe el n\u00famero de test antig\u00e9nico para reportar diariamente los casos, no son consistentes, no son continuos\u00bb, dijo.<\/p><\/blockquote>\n\n\n\n<p>Resalt\u00f3 que desde el inicio de la pandemia no se ha realizado una \u00abdistribuci\u00f3n masiva\u00bb en los centros de diagn\u00f3sticos, sino que \u00abse ha limitado entre cuatro y seis centros de reportes, lo que significa una distribuci\u00f3n de casos muy lenta\u00bb.<\/p>\n\n\n\n<p>En entrevista concedida a\u00a0<strong><em>Rom\u00e1n Lozinski en el circuito \u00c9xitos de Uni\u00f3n Radio<\/em><\/strong>, sostuvo que pese a que han aumentado las pruebas de PCR en los laboratorio privados \u00abparece que no se est\u00e1n reflejando en cifras oficiales\u00bb.<\/p>\n\n\n\n<p>Uni\u00f3n Radio <\/p>\n","protected":false},"excerpt":{"rendered":"<p>El presidente de la Academia Nacional de Medicina,&nbsp;Enrique L\u00f3pez Loyo, afirm\u00f3 que en medio de la \u00abfase progresiva activa\u00bb del n\u00famero de contagios de covid-19 es necesario evitar la flexibilizaci\u00f3n amplia. \u00abEn estos momentos no se puede hablar de flexibilizaci\u00f3n completa en primer lugar, no se debe abrir el espacio p\u00fablico para espect\u00e1culos, mecanismos de [&hellip;]<\/p>\n","protected":false},"author":2,"featured_media":174821,"comment_status":"closed","ping_status":"closed","sticky":false,"template":"","format":"standard","meta":{"footnotes":""},"categories":[9],"tags":[],"class_list":{"0":"post-199719","1":"post","2":"type-post","3":"status-publish","4":"format-standard","5":"has-post-thumbnail","7":"category-nacionales"},"_links":{"self":[{"href":"https:\/\/elluchador.info\/index.php?rest_route=\/wp\/v2\/posts\/199719","targetHints":{"allow":["GET"]}}],"collection":[{"href":"https:\/\/elluchador.info\/index.php?rest_route=\/wp\/v2\/posts"}],"about":[{"href":"https:\/\/elluchador.info\/index.php?rest_route=\/wp\/v2\/types\/post"}],"author":[{"embeddable":true,"href":"https:\/\/elluchador.info\/index.php?rest_route=\/wp\/v2\/users\/2"}],"replies":[{"embeddable":true,"href":"https:\/\/elluchador.info\/index.php?rest_route=%2Fwp%2Fv2%2Fcomments&post=199719"}],"version-history":[{"count":1,"href":"https:\/\/elluchador.info\/index.php?rest_route=\/wp\/v2\/posts\/199719\/revisions"}],"predecessor-version":[{"id":199720,"href":"https:\/\/elluchador.info\/index.php?rest_route=\/wp\/v2\/posts\/199719\/revisions\/199720"}],"wp:featuredmedia":[{"embeddable":true,"href":"https:\/\/elluchador.info\/index.php?rest_route=\/wp\/v2\/media\/174821"}],"wp:attachment":[{"href":"https:\/\/elluchador.info\/index.php?rest_route=%2Fwp%2Fv2%2Fmedia&parent=199719"}],"wp:term":[{"taxonomy":"category","embeddable":true,"href":"https:\/\/elluchador.info\/index.php?rest_route=%2Fwp%2Fv2%2Fcategories&post=199719"},{"taxonomy":"post_tag","embeddable":true,"href":"https:\/\/elluchador.info\/index.php?rest_route=%2Fwp%2Fv2%2Ftags&post=199719"}],"curies":[{"name":"wp","href":"https:\/\/api.w.org\/{rel}","templated":true}]}}