{"id":199737,"date":"2021-10-01T17:34:02","date_gmt":"2021-10-01T21:34:02","guid":{"rendered":"https:\/\/elluchador.info\/web\/?p=199737"},"modified":"2021-10-01T17:34:03","modified_gmt":"2021-10-01T21:34:03","slug":"ricky-martin-despejo-las-dudas-sobre-sus-rostro-que-surgieron-entre-sus-fanaticos","status":"publish","type":"post","link":"https:\/\/elluchador.info\/?p=199737","title":{"rendered":"Ricky Martin despej\u00f3 las dudas sobre sus rostro que surgieron entre sus fan\u00e1ticos"},"content":{"rendered":"\n<p>D\u00edas atr\u00e1s,\u00a0Ricky Martin\u00a0comparti\u00f3\u00a0un video que levant\u00f3 algunas sospechas entre sus seguidores.<\/p>\n\n\n\n<p> Es que el cantante se mostr\u00f3 con una imagen distinta y\u00a0sus fan\u00e1ticos especularon con que\u00a0<strong>hab\u00eda pasado por el quir\u00f3fano<\/strong>. Ahora, un nuevo video confirma que el artista no se habr\u00eda sometido a ninguna intervenci\u00f3n quir\u00fargica, ya que su rostro luce como siempre lo hizo.<\/p>\n\n\n\n<p>En los \u00faltimos d\u00edas, Ricky se volvi\u00f3 viral con motivo de una entrevista exclusiva que brind\u00f3 junto a su colega\u00a0Enrique Iglesias al periodista David Valadez, para el programa de la cadena Univisi\u00f3n,<em>\u00a0El gordo y la flaca.<\/em><\/p>\n\n\n\n<p>\u00a0Las\u00a0im\u00e1genes lo mostraron con<strong>\u00a0una nueva apariencia<\/strong>\u00a0y las redes sociales no tuvieron piedad con \u00e9l. As\u00ed, comenzaron las especulaciones sobre que el vocalista\u00a0se hab\u00eda sometido a una radical cirug\u00eda est\u00e9tica.<\/p>\n\n\n\n<p>Sin embargo, en las \u00faltimas horas,\u00a0Ricky Martin\u00a0comparti\u00f3 un video para promocionar su gira por Estados Unidos,\u00a0<strong>acompa\u00f1ado de Iglesias y de\u00a0Sebasti\u00e1n Yatra\u00a0<\/strong>como invitado especial, y logr\u00f3 despejar todas las dudas. La publicaci\u00f3n ten\u00eda como fin comunicar cu\u00e1les ser\u00e1n sus pr\u00f3ximas presentaciones en Estados Unidos y Canad\u00e1. \u201cTenemos dos noches en Chicago, tenemos Boston, tenemos Toronto, tenemos Montreal. Son muchas fechas\u201d, dijo el cantante mirando a la c\u00e1mara.<\/p>\n\n\n\n<figure class=\"wp-block-embed is-type-rich is-provider-twitter wp-block-embed-twitter\"><div class=\"wp-block-embed__wrapper\">\n<blockquote class=\"twitter-tweet\" data-width=\"550\" data-dnt=\"true\"><p lang=\"es\" dir=\"ltr\">Dime, en que ciudad nos vemos? <a href=\"https:\/\/t.co\/LG2xLM8H7N\">pic.twitter.com\/LG2xLM8H7N<\/a><\/p>&mdash; Ricky Martin (@ricky_martin) <a href=\"https:\/\/twitter.com\/ricky_martin\/status\/1443318966915526658?ref_src=twsrc%5Etfw\">September 29, 2021<\/a><\/blockquote><script async src=\"https:\/\/platform.twitter.com\/widgets.js\" charset=\"utf-8\"><\/script>\n<\/div><\/figure>\n\n\n\n<p>Aunque con\u00a0<strong>un ligero filtro<\/strong>,\u00a0su rostro se ve\u00eda exactamente igual que siempre lo hizo.\u00a0As\u00ed, el artista despej\u00f3 los rumores que indicaban que su cara hab\u00eda sido alterada por cirug\u00edas est\u00e9ticas.<\/p>\n\n\n\n<p>A pesar del revuelo que gener\u00f3 su nuevo aspecto, el artista no se hizo eco de la controversia y decidi\u00f3 seguir compartiendo contenido sobre el nuevo y ambicioso tour anunciado.<\/p>\n\n\n\n<p>El Nacional <\/p>\n","protected":false},"excerpt":{"rendered":"<p>D\u00edas atr\u00e1s,\u00a0Ricky Martin\u00a0comparti\u00f3\u00a0un video que levant\u00f3 algunas sospechas entre sus seguidores. Es que el cantante se mostr\u00f3 con una imagen distinta y\u00a0sus fan\u00e1ticos especularon con que\u00a0hab\u00eda pasado por el quir\u00f3fano. Ahora, un nuevo video confirma que el artista no se habr\u00eda sometido a ninguna intervenci\u00f3n quir\u00fargica, ya que su rostro luce como siempre lo hizo. [&hellip;]<\/p>\n","protected":false},"author":2,"featured_media":199738,"comment_status":"closed","ping_status":"closed","sticky":false,"template":"","format":"standard","meta":{"footnotes":""},"categories":[5,7],"tags":[],"class_list":{"0":"post-199737","1":"post","2":"type-post","3":"status-publish","4":"format-standard","5":"has-post-thumbnail","7":"category-destacado","8":"category-entretenimiento"},"_links":{"self":[{"href":"https:\/\/elluchador.info\/index.php?rest_route=\/wp\/v2\/posts\/199737","targetHints":{"allow":["GET"]}}],"collection":[{"href":"https:\/\/elluchador.info\/index.php?rest_route=\/wp\/v2\/posts"}],"about":[{"href":"https:\/\/elluchador.info\/index.php?rest_route=\/wp\/v2\/types\/post"}],"author":[{"embeddable":true,"href":"https:\/\/elluchador.info\/index.php?rest_route=\/wp\/v2\/users\/2"}],"replies":[{"embeddable":true,"href":"https:\/\/elluchador.info\/index.php?rest_route=%2Fwp%2Fv2%2Fcomments&post=199737"}],"version-history":[{"count":1,"href":"https:\/\/elluchador.info\/index.php?rest_route=\/wp\/v2\/posts\/199737\/revisions"}],"predecessor-version":[{"id":199739,"href":"https:\/\/elluchador.info\/index.php?rest_route=\/wp\/v2\/posts\/199737\/revisions\/199739"}],"wp:featuredmedia":[{"embeddable":true,"href":"https:\/\/elluchador.info\/index.php?rest_route=\/wp\/v2\/media\/199738"}],"wp:attachment":[{"href":"https:\/\/elluchador.info\/index.php?rest_route=%2Fwp%2Fv2%2Fmedia&parent=199737"}],"wp:term":[{"taxonomy":"category","embeddable":true,"href":"https:\/\/elluchador.info\/index.php?rest_route=%2Fwp%2Fv2%2Fcategories&post=199737"},{"taxonomy":"post_tag","embeddable":true,"href":"https:\/\/elluchador.info\/index.php?rest_route=%2Fwp%2Fv2%2Ftags&post=199737"}],"curies":[{"name":"wp","href":"https:\/\/api.w.org\/{rel}","templated":true}]}}