{"id":199740,"date":"2021-10-02T08:16:42","date_gmt":"2021-10-02T12:16:42","guid":{"rendered":"https:\/\/elluchador.info\/web\/?p=199740"},"modified":"2021-10-02T08:16:43","modified_gmt":"2021-10-02T12:16:43","slug":"el-sela-avanza-en-la-construccion-de-una-agenda-regional-comun-2022","status":"publish","type":"post","link":"https:\/\/elluchador.info\/?p=199740","title":{"rendered":"El SELA avanza en la construcci\u00f3n de una agenda regional com\u00fan 2022"},"content":{"rendered":"\n<p>Centrados en dar respuesta a las necesidades urgentes de los pa\u00edses de la regi\u00f3n, representantes de 18 naciones miembros del Sistema Econ\u00f3mico Latinoamericano y del Caribe (SELA), se reunieron este 30 de septiembre en la sede del organismo en Caracas para avanzar en el proceso de construcci\u00f3n de la agenda 2022.<\/p>\n\n\n\n<p>La reuni\u00f3n del Grupo de Trabajo Informal del SELA sirvi\u00f3 adem\u00e1s como marco preparatorio del Consejo Latinoamericano del Caribe a realizarse el venidero mes de noviembre.<\/p>\n\n\n\n<p>El Secretario Permanente del SELA, el Embajador Clarems Endara, destac\u00f3 el compromiso del organismo en dar respuesta&nbsp; a las necesidades urgentes de los pa\u00edses de la regi\u00f3n, es por ello que se viene trabajando en un proceso de consulta a los miembros del SELA para determinar los principales ejes de acci\u00f3n que el organismo abordar\u00e1 en&nbsp; su nueva agenda regional con una proyecci\u00f3n de cinco a\u00f1os.<\/p>\n\n\n\n<p>Centrados en la metodolog\u00eda de consultar y construir para proponer, desde el SELA se han podido identificar 3 ejes tem\u00e1ticos centrales que forman parte del borrador inicial de la agenda, que ser\u00e1 analizada por un grupo de trabajo especial que definir\u00e1n las propuestas del plan de trabajo 2022-2027 del organismo y que qued\u00f3 conformado por los representantes de Nicaragua, Bolivia, Rep\u00fablica Dominicana, Venezuela y Chile, bajo la presidencia de M\u00e9xico.<\/p>\n\n\n\n<p>\u201cTenemos una gran tarea, se ha hecho un esfuerzo para hacer una reconducci\u00f3n del trabajo del SELA para 2022. Bajo este esquema hemos iniciado un proceso de consultas que nos puede llevar a una construcci\u00f3n cooperativa con los pa\u00edses\u201d, dijo el embajador Endara durante la reuni\u00f3n que cont\u00f3, entre otros, con la participaci\u00f3n del representante de M\u00e9xico pa\u00eds que ostenta la presidencia del Consejo Latinoamericano, Mauricio Vizca\u00edno Crespo.<\/p>\n\n\n\n<p>El Embajador Endara detall\u00f3 que gracias a la encuesta se han podido definir grandes ejes tem\u00e1ticos conformados por: la Recuperaci\u00f3n Econ\u00f3mica, Digitalizaci\u00f3n y la Agenda Social y de Cooperaci\u00f3n.&nbsp; \u201cEsta es la propuesta inicial de grandes temas sobre los que vamos a trabajar, si logramos regionalizar esta agenda el impacto ser\u00e1 mucho m\u00e1s amplio\u201d.<\/p>\n\n\n\n<p>\u201cQueremos actuar como regi\u00f3n. Trabajamos hacia una agenda que nos permita tener una reestructuraci\u00f3n de los temas, la Secretar\u00eda tiene una gran responsabilidad con la regi\u00f3n en la b\u00fasqueda de sumar esfuerzos para concretar una agenda que ayude en el desarrollo econ\u00f3mico y social de cada uno de los pa\u00edses\u201d, destac\u00f3 el Secretario Permanente del SELA.<\/p>\n\n\n\n<p>Los pa\u00edses acordaron avanzar en el estudio de la creaci\u00f3n de un fondo regional para la prevenci\u00f3n de desastres, en un esfuerzo conjunto con la CELAC.<\/p>\n\n\n\n<p>El Embajador de Bolivia en Venezuela Sebastian Michel, en su participaci\u00f3n&nbsp; en la segunda reuni\u00f3n del Grupo de Trabajo Informal del SELA, insisti\u00f3 en la necesidad de que organismo pueda dar respuesta en temas de emergencia para la regi\u00f3n e inst\u00f3 a abordar las tareas que son urgentes asociadas al medio ambiente, desastres y reactivaci\u00f3n econ\u00f3mica.<\/p>\n\n\n\n<p>Por su parte el Ministro Consejero&nbsp; y Encargado de Negocios de Chile en Venezuela Roberto Ru\u00edz Piraces, destac\u00f3 la importancia del SELA como organismo que puede unificar a la regi\u00f3n en temas vinculados a la econom\u00eda, tecnolog\u00eda y los temas sociales.<\/p>\n\n\n\n<p>Expres\u00f3 que la agenda planteada en esta segunda reuni\u00f3n del SELA, que se encuentra en construcci\u00f3n,&nbsp; debe ser efectiva y debe mostrar resultados ante las necesidades prioritarias de la regi\u00f3n. \u201dEs importante que podamos mostrar que el SELA est\u00e1 presente y resuelve temas urgentes y futuros\u201d.<\/p>\n\n\n\n<p>Para el Director General de Planificaci\u00f3n del Ministerio de Hacienda y Cr\u00e9dito P\u00fablico de Nicaragua Juan Carlos S\u00e1nchez, &nbsp;es importante que el proceso de definici\u00f3n de la Agenda Social SELA 2022 se focalice en las \u00e1reas que son prioridades en los diferentes pa\u00edses de la regi\u00f3n.<\/p>\n\n\n\n<p>A juicio de la Directora de Integraci\u00f3n Regional de Ecuador&nbsp; Ver\u00f3nica G\u00f3mez hay que concentrar los esfuerzos en la definici\u00f3n de la Agenda SELA 2002 donde los temas de la regi\u00f3n se vean priorizados. &nbsp;\u201cQueremos insistir en la necesidad de que no tengamos una gran cantidad de actividades que no sean posibles de cumplir, sino focalizarnos en atender las urgencias que tienen los pa\u00edses de la regi\u00f3n\u201d, manifest\u00f3 .<\/p>\n\n\n\n<p>Luis Vela Funcionario de Integraci\u00f3n del Per\u00fa y Carmen Ibarra Directora de Integraci\u00f3n Comercial de Rep\u00fablica Dominicana, coincidieron en manifestar el apoyo de sus pa\u00edses en el nuevo impulso del SELA y en priorizar acciones para lograr resultados concretos a trav\u00e9s de la Agenda SELA 2022 que se encuentra en discusi\u00f3n.<\/p>\n\n\n\n<p>La Directora de Mecanismos de Concertaci\u00f3n Pol\u00edtica e Integraci\u00f3n de Venezuela Mar\u00eda Arelis Valero manifest\u00f3 el apoyo de su pa\u00eds a los objetivos planteados en la propuesta de agenda SELA 2002 y remarc\u00f3 la importancia de construir un trabajo inclusivo donde est\u00e9n expresadas todas la necesidades e intereses de los pa\u00edses de la regi\u00f3n.<\/p>\n\n\n\n<figure class=\"wp-block-image\"><img decoding=\"async\" src=\"https:\/\/www.sela.org\/media\/3223263\/img-20210930-wa0077.jpg?width=100%;height=100%\" alt=\"\"\/><\/figure>\n\n\n\n<p><strong>Sela.org<\/strong><\/p>\n","protected":false},"excerpt":{"rendered":"<p>Centrados en dar respuesta a las necesidades urgentes de los pa\u00edses de la regi\u00f3n, representantes de 18 naciones miembros del Sistema Econ\u00f3mico Latinoamericano y del Caribe (SELA), se reunieron este 30 de septiembre en la sede del organismo en Caracas para avanzar en el proceso de construcci\u00f3n de la agenda 2022. La reuni\u00f3n del Grupo [&hellip;]<\/p>\n","protected":false},"author":2,"featured_media":199741,"comment_status":"closed","ping_status":"closed","sticky":false,"template":"","format":"standard","meta":{"footnotes":""},"categories":[11],"tags":[],"class_list":{"0":"post-199740","1":"post","2":"type-post","3":"status-publish","4":"format-standard","5":"has-post-thumbnail","7":"category-politica"},"_links":{"self":[{"href":"https:\/\/elluchador.info\/index.php?rest_route=\/wp\/v2\/posts\/199740","targetHints":{"allow":["GET"]}}],"collection":[{"href":"https:\/\/elluchador.info\/index.php?rest_route=\/wp\/v2\/posts"}],"about":[{"href":"https:\/\/elluchador.info\/index.php?rest_route=\/wp\/v2\/types\/post"}],"author":[{"embeddable":true,"href":"https:\/\/elluchador.info\/index.php?rest_route=\/wp\/v2\/users\/2"}],"replies":[{"embeddable":true,"href":"https:\/\/elluchador.info\/index.php?rest_route=%2Fwp%2Fv2%2Fcomments&post=199740"}],"version-history":[{"count":1,"href":"https:\/\/elluchador.info\/index.php?rest_route=\/wp\/v2\/posts\/199740\/revisions"}],"predecessor-version":[{"id":199742,"href":"https:\/\/elluchador.info\/index.php?rest_route=\/wp\/v2\/posts\/199740\/revisions\/199742"}],"wp:featuredmedia":[{"embeddable":true,"href":"https:\/\/elluchador.info\/index.php?rest_route=\/wp\/v2\/media\/199741"}],"wp:attachment":[{"href":"https:\/\/elluchador.info\/index.php?rest_route=%2Fwp%2Fv2%2Fmedia&parent=199740"}],"wp:term":[{"taxonomy":"category","embeddable":true,"href":"https:\/\/elluchador.info\/index.php?rest_route=%2Fwp%2Fv2%2Fcategories&post=199740"},{"taxonomy":"post_tag","embeddable":true,"href":"https:\/\/elluchador.info\/index.php?rest_route=%2Fwp%2Fv2%2Ftags&post=199740"}],"curies":[{"name":"wp","href":"https:\/\/api.w.org\/{rel}","templated":true}]}}