{"id":199743,"date":"2021-10-02T20:19:29","date_gmt":"2021-10-03T00:19:29","guid":{"rendered":"https:\/\/elluchador.info\/web\/?p=199743"},"modified":"2021-10-02T20:19:31","modified_gmt":"2021-10-03T00:19:31","slug":"cne-activa-despliegue-de-material-para-simulacro-electoral-del-10-de-octubre","status":"publish","type":"post","link":"https:\/\/elluchador.info\/?p=199743","title":{"rendered":"CNE activa despliegue de material para simulacro electoral del 10 de octubre"},"content":{"rendered":"\n<p>Con miras al&nbsp;simulacro electoral&nbsp;que se llevar\u00e1 a cabo el pr\u00f3ximo&nbsp;10 de octubre, la rectora principal del&nbsp;Consejo Nacional Electoral (CNE), Tania D\u2019Amelio, inform\u00f3 que el ente inici\u00f3 el despliegue del&nbsp;material electoral.<\/p>\n\n\n\n<p>Al respecto, D\u2019Amelio se\u00f1al\u00f3 que esta actividad electoral corresponde a la puesta en marcha de todos los pasos que se realizar\u00e1n en los comicios regionales y municipales del 21 de noviembre.<\/p>\n\n\n\n<p>La\u00a0rectora\u00a0sostuvo: \u00abEn desarrollo el despliegue hacia los\u00a024 estados, del\u00a0material tecnol\u00f3gico, electoral y de bioseguridad de cara al simulacro electoral del pr\u00f3ximo 10 de octubre\u00bb. <\/p>\n\n\n\n<p>EDG<\/p>\n","protected":false},"excerpt":{"rendered":"<p>Con miras al&nbsp;simulacro electoral&nbsp;que se llevar\u00e1 a cabo el pr\u00f3ximo&nbsp;10 de octubre, la rectora principal del&nbsp;Consejo Nacional Electoral (CNE), Tania D\u2019Amelio, inform\u00f3 que el ente inici\u00f3 el despliegue del&nbsp;material electoral. Al respecto, D\u2019Amelio se\u00f1al\u00f3 que esta actividad electoral corresponde a la puesta en marcha de todos los pasos que se realizar\u00e1n en los comicios regionales [&hellip;]<\/p>\n","protected":false},"author":2,"featured_media":195553,"comment_status":"closed","ping_status":"closed","sticky":false,"template":"","format":"standard","meta":{"footnotes":""},"categories":[5,11],"tags":[],"class_list":{"0":"post-199743","1":"post","2":"type-post","3":"status-publish","4":"format-standard","5":"has-post-thumbnail","7":"category-destacado","8":"category-politica"},"_links":{"self":[{"href":"https:\/\/elluchador.info\/index.php?rest_route=\/wp\/v2\/posts\/199743","targetHints":{"allow":["GET"]}}],"collection":[{"href":"https:\/\/elluchador.info\/index.php?rest_route=\/wp\/v2\/posts"}],"about":[{"href":"https:\/\/elluchador.info\/index.php?rest_route=\/wp\/v2\/types\/post"}],"author":[{"embeddable":true,"href":"https:\/\/elluchador.info\/index.php?rest_route=\/wp\/v2\/users\/2"}],"replies":[{"embeddable":true,"href":"https:\/\/elluchador.info\/index.php?rest_route=%2Fwp%2Fv2%2Fcomments&post=199743"}],"version-history":[{"count":1,"href":"https:\/\/elluchador.info\/index.php?rest_route=\/wp\/v2\/posts\/199743\/revisions"}],"predecessor-version":[{"id":199744,"href":"https:\/\/elluchador.info\/index.php?rest_route=\/wp\/v2\/posts\/199743\/revisions\/199744"}],"wp:featuredmedia":[{"embeddable":true,"href":"https:\/\/elluchador.info\/index.php?rest_route=\/wp\/v2\/media\/195553"}],"wp:attachment":[{"href":"https:\/\/elluchador.info\/index.php?rest_route=%2Fwp%2Fv2%2Fmedia&parent=199743"}],"wp:term":[{"taxonomy":"category","embeddable":true,"href":"https:\/\/elluchador.info\/index.php?rest_route=%2Fwp%2Fv2%2Fcategories&post=199743"},{"taxonomy":"post_tag","embeddable":true,"href":"https:\/\/elluchador.info\/index.php?rest_route=%2Fwp%2Fv2%2Ftags&post=199743"}],"curies":[{"name":"wp","href":"https:\/\/api.w.org\/{rel}","templated":true}]}}