{"id":199751,"date":"2021-10-02T20:38:56","date_gmt":"2021-10-03T00:38:56","guid":{"rendered":"https:\/\/elluchador.info\/web\/?p=199751"},"modified":"2021-10-02T20:38:57","modified_gmt":"2021-10-03T00:38:57","slug":"bcv-quemaria-hasta-eur30-millones-semanales-para-contener-al-dolar","status":"publish","type":"post","link":"https:\/\/elluchador.info\/?p=199751","title":{"rendered":"BCV quemar\u00eda hasta EUR30 millones semanales para contener al d\u00f3lar"},"content":{"rendered":"\n<p>\u201cEs una pol\u00edtica que no contempla una quema de divisas permanente para el futuro, porque se\u00f1alan no poder mantener esta cifra, y adem\u00e1s indican que no manejan soluciones de fondo todav\u00eda para contener el d\u00f3lar ni la inflaci\u00f3n\u201d, indica el analista<\/p>\n\n\n\n<p>Seg\u00fan el analista Tom\u00e1s Soc\u00edas L\u00f3pez, en el marco del proceso de reconversi\u00f3n monetaria que entr\u00f3 en vigencia este viernes 1 de octubre, el gobierno prev\u00e9 realizar una estrategia de fuerte intervenci\u00f3n cambiaria en euros, que podr\u00eda superar los 30 millones semanales, si fuera necesario para mantener la apreciaci\u00f3n del tipo de cambio real.<\/p>\n\n\n\n<p>Seg\u00fan el informe del analista, esta es una de las medidas consideradas para mantener cierta estabilidad en el mercado cambiario venezolano. \u201cEsperan mantener la paridad del bol\u00edvar bajo cierta regularidad. (En el gobierno) ten\u00edan prevista la subida ocurrida en estos d\u00edas, consider\u00e1ndola especulativa e insostenible, la cual estabilizar\u00e1n\u201d, apunta Soc\u00edas.<\/p>\n\n\n\n<p>\u201cY han establecido un tipo&nbsp;<strong>de cambio del BCV inicial de 4.1 a 4.3 bol\u00edvares por d\u00f3lar<\/strong>, adem\u00e1s que inyectar\u00e1n (el efectivo) que sea necesario al mercado para evitar cambios bruscos hasta el mes de diciembre\u201d, contempla el reporte dado a conocer por Soc\u00edas.<\/p>\n\n\n\n<p>El Informe Soc\u00edas revela tambi\u00e9n que \u201ccon la reconversi\u00f3n, (en el Ejecutivo Nacional) est\u00e1n seguros de que mejorar\u00e1 el intercambio monetario, adem\u00e1s, expresan que modernizar\u00e1 la econom\u00eda, simplificar\u00e1 las cuentas, fluir\u00e1 m\u00e1s la posibilidad del pago y del cambio monetario\u201d.<\/p>\n\n\n\n<p>\u201cEs una medida m\u00e1s de apertura econ\u00f3mica, que no estaba prevista tomar ahora, pero que, al adelantarse, impulsar\u00e1 soluciones financieras moment\u00e1neas y que aliviar\u00e1 la mayor angustia de las transacciones del venezolano en el pa\u00eds, que es el cambio fraccionado\u201d.<\/p>\n\n\n\n<p>El informe apunta que \u201cel entorno del Presidente, particularmente de ministros del \u00e1rea econ\u00f3mica, le insiste en que ser\u00eda catastr\u00f3fic, no tener lista las monedas para este 1 de octubre. Est\u00e1 claro que sin las monedas \u201cestar\u00edan todos los productos y servicios, m\u00ednimo a 1 bol\u00edvar y el impacto pol\u00edtico y social podr\u00eda revertirse\u201d.<\/p>\n\n\n\n<p>Seg\u00fan Soc\u00edas en el gobierno prev\u00e9n \u201cun \u00edndice de inflaci\u00f3n ligeramente estable en el \u00faltimo trimestre del a\u00f1o por la inversi\u00f3n de recursos del Ejecutivo en el mercado para estabilizar el tipo de cambio\u201d. Pero el analista proyecta que \u201clas demoras en tomar decisiones de fondo precipitar\u00edan un crecimiento de 20% de la inflaci\u00f3n en el primer trimestre de 2022\u201d.<\/p>\n\n\n\n<p>Los pragm\u00e1ticos del gabinete de Nicol\u00e1s Maduro est\u00e1n preocupados porque la apertura econ\u00f3mica que el presidente habr\u00eda aceptado marcha muy lentamente. Medidas como la reducci\u00f3n del encaje legal y entrega a la gerencia privada de servicios del Estado, entre otras, siguen esperando en las gavetas de Miraflores, porque el mandatario se mueve en un complejo equilibrio entre entre \u00ablos pragm\u00e1ticos y los ideol\u00f3gicos\u201d.<\/p>\n\n\n\n<p>Banca y Negocios<\/p>\n","protected":false},"excerpt":{"rendered":"<p>\u201cEs una pol\u00edtica que no contempla una quema de divisas permanente para el futuro, porque se\u00f1alan no poder mantener esta cifra, y adem\u00e1s indican que no manejan soluciones de fondo todav\u00eda para contener el d\u00f3lar ni la inflaci\u00f3n\u201d, indica el analista Seg\u00fan el analista Tom\u00e1s Soc\u00edas L\u00f3pez, en el marco del proceso de reconversi\u00f3n monetaria [&hellip;]<\/p>\n","protected":false},"author":2,"featured_media":199752,"comment_status":"closed","ping_status":"closed","sticky":false,"template":"","format":"standard","meta":{"footnotes":""},"categories":[5,6],"tags":[],"class_list":{"0":"post-199751","1":"post","2":"type-post","3":"status-publish","4":"format-standard","5":"has-post-thumbnail","7":"category-destacado","8":"category-economia"},"_links":{"self":[{"href":"https:\/\/elluchador.info\/index.php?rest_route=\/wp\/v2\/posts\/199751","targetHints":{"allow":["GET"]}}],"collection":[{"href":"https:\/\/elluchador.info\/index.php?rest_route=\/wp\/v2\/posts"}],"about":[{"href":"https:\/\/elluchador.info\/index.php?rest_route=\/wp\/v2\/types\/post"}],"author":[{"embeddable":true,"href":"https:\/\/elluchador.info\/index.php?rest_route=\/wp\/v2\/users\/2"}],"replies":[{"embeddable":true,"href":"https:\/\/elluchador.info\/index.php?rest_route=%2Fwp%2Fv2%2Fcomments&post=199751"}],"version-history":[{"count":1,"href":"https:\/\/elluchador.info\/index.php?rest_route=\/wp\/v2\/posts\/199751\/revisions"}],"predecessor-version":[{"id":199753,"href":"https:\/\/elluchador.info\/index.php?rest_route=\/wp\/v2\/posts\/199751\/revisions\/199753"}],"wp:featuredmedia":[{"embeddable":true,"href":"https:\/\/elluchador.info\/index.php?rest_route=\/wp\/v2\/media\/199752"}],"wp:attachment":[{"href":"https:\/\/elluchador.info\/index.php?rest_route=%2Fwp%2Fv2%2Fmedia&parent=199751"}],"wp:term":[{"taxonomy":"category","embeddable":true,"href":"https:\/\/elluchador.info\/index.php?rest_route=%2Fwp%2Fv2%2Fcategories&post=199751"},{"taxonomy":"post_tag","embeddable":true,"href":"https:\/\/elluchador.info\/index.php?rest_route=%2Fwp%2Fv2%2Ftags&post=199751"}],"curies":[{"name":"wp","href":"https:\/\/api.w.org\/{rel}","templated":true}]}}