{"id":199754,"date":"2021-10-02T20:41:49","date_gmt":"2021-10-03T00:41:49","guid":{"rendered":"https:\/\/elluchador.info\/web\/?p=199754"},"modified":"2021-10-02T20:41:51","modified_gmt":"2021-10-03T00:41:51","slug":"julio-velarde-fue-ratificado-como-presidente-del-banco-central-de-reserva-de-peru","status":"publish","type":"post","link":"https:\/\/elluchador.info\/?p=199754","title":{"rendered":"Julio Velarde fue ratificado como presidente del Banco Central de Reserva de Per\u00fa"},"content":{"rendered":"\n<p>\u00abConfirmado: Julio Velarde seguir\u00e1 al frente del BCR por cinco a\u00f1os m\u00e1s\u00bb, indic\u00f3 el diario econ\u00f3mico Gesti\u00f3n, que agreg\u00f3 que los tres directores propuestos por el Ejecutivo son los economistas Roxana Barrantes, Jos\u00e9 T\u00e1vara y Germ\u00e1n Alarco, tal como tambi\u00e9n se\u00f1alaron otros medios nacionales.<\/p>\n\n\n\n<p>El Gobierno de Per\u00fa&nbsp;<strong>ratific\u00f3 al economista Julio Velarde como presidente del Banco Central de Reserva<\/strong>&nbsp;(BCR), en una decisi\u00f3n que tambi\u00e9n comprendi\u00f3 el nombramiento de tres directores del organismo, informaron este s\u00e1bado medios locales.<\/p>\n\n\n\n<p>El diario La Rep\u00fablica agreg\u00f3 que estas designaciones ser\u00e1n oficializadas en las pr\u00f3ximas horas, aunque luego deber\u00e1n ser confirmadas por el Congreso, que&nbsp;<strong>tambi\u00e9n debe nombrar a otros tres directores del BCR por un per\u00edodo de cinco a\u00f1os<\/strong>, un tema que est\u00e1 siendo revisado por la comisi\u00f3n de Econom\u00eda del Legislativo.<\/p>\n\n\n\n<p>Velarde, quien est\u00e1 al frente del BCR desde 2006, es un economista de 69 a\u00f1os con maestr\u00eda y doctorado por la Universidad de Brown, de Estados Unidos, y el Instituto para la Econom\u00eda Mundial de Kiel, en Alemania.<\/p>\n\n\n\n<p>Adem\u00e1s del reconocimiento que se le da en su pa\u00eds por su exitosa labor al frente del BCR, en 2015 fue distinguido como el Banquero Central del A\u00f1o en el mundo por la revista The Banker, que en 2020 tambi\u00e9n lo eligi\u00f3 el Banquero Central del A\u00f1o para las Am\u00e9ricas.<\/p>\n\n\n\n<p>El economista ha continuado con sus funciones durante el actual gobierno, que comenz\u00f3 el pasado 28 de julio,&nbsp;<strong>a la espera de la confirmaci\u00f3n oficial de su permanencia por el presidente Pedro Castillo<\/strong>, quien desde antes de asumir funciones ya hab\u00eda adelantado su intenci\u00f3n de ratificarlo.<\/p>\n\n\n\n<p>En el caso de los tres directores elegidos por el Gobierno, Barrantes es una economista graduada en la Pontificia Universidad Cat\u00f3lica del Per\u00fa (PUCP), con doctorado en la Universidad de Illinois (EE.UU.) y directora de la maestr\u00eda en Econom\u00eda de la PUCP.<\/p>\n\n\n\n<p>T\u00e1vara tambi\u00e9n es economista de la PUCP, ingeniero industrial y tiene un doctorado en la Universidad de Massachusetts (EE.UU.) y Alarco es licenciado en econom\u00eda por la Universidad del Pac\u00edfico y tiene una maestr\u00eda por el Centro de Investigaci\u00f3n y Docencia Econ\u00f3micas, de M\u00e9xico.<\/p>\n\n\n\n<p>El ministro de Econom\u00eda y Finanzas, Pedro Francke, declar\u00f3 esta semana al diario La Rep\u00fablica que Velarde&nbsp;<strong>ya hab\u00eda aceptado el ofrecimiento de Castillo<\/strong>, pero faltaba elegir a los tres directores del BCR que le corresponden al Ejecutivo.<\/p>\n\n\n\n<p>Francke dijo que el Gobierno del izquierdista Castillo coincide con Velarde en que el directorio del ente emisor no debe tener \u00abun criterio pol\u00edtico sectario\u00bb y estar integrado por \u00abgente absolutamente honesta, sin ninguna mancha de corrupci\u00f3n\u00bb.<\/p>\n\n\n\n<p>Banca y Negocio<\/p>\n","protected":false},"excerpt":{"rendered":"<p>\u00abConfirmado: Julio Velarde seguir\u00e1 al frente del BCR por cinco a\u00f1os m\u00e1s\u00bb, indic\u00f3 el diario econ\u00f3mico Gesti\u00f3n, que agreg\u00f3 que los tres directores propuestos por el Ejecutivo son los economistas Roxana Barrantes, Jos\u00e9 T\u00e1vara y Germ\u00e1n Alarco, tal como tambi\u00e9n se\u00f1alaron otros medios nacionales. El Gobierno de Per\u00fa&nbsp;ratific\u00f3 al economista Julio Velarde como presidente del [&hellip;]<\/p>\n","protected":false},"author":2,"featured_media":199755,"comment_status":"closed","ping_status":"closed","sticky":false,"template":"","format":"standard","meta":{"footnotes":""},"categories":[8],"tags":[],"class_list":{"0":"post-199754","1":"post","2":"type-post","3":"status-publish","4":"format-standard","5":"has-post-thumbnail","7":"category-internacionales"},"_links":{"self":[{"href":"https:\/\/elluchador.info\/index.php?rest_route=\/wp\/v2\/posts\/199754","targetHints":{"allow":["GET"]}}],"collection":[{"href":"https:\/\/elluchador.info\/index.php?rest_route=\/wp\/v2\/posts"}],"about":[{"href":"https:\/\/elluchador.info\/index.php?rest_route=\/wp\/v2\/types\/post"}],"author":[{"embeddable":true,"href":"https:\/\/elluchador.info\/index.php?rest_route=\/wp\/v2\/users\/2"}],"replies":[{"embeddable":true,"href":"https:\/\/elluchador.info\/index.php?rest_route=%2Fwp%2Fv2%2Fcomments&post=199754"}],"version-history":[{"count":1,"href":"https:\/\/elluchador.info\/index.php?rest_route=\/wp\/v2\/posts\/199754\/revisions"}],"predecessor-version":[{"id":199756,"href":"https:\/\/elluchador.info\/index.php?rest_route=\/wp\/v2\/posts\/199754\/revisions\/199756"}],"wp:featuredmedia":[{"embeddable":true,"href":"https:\/\/elluchador.info\/index.php?rest_route=\/wp\/v2\/media\/199755"}],"wp:attachment":[{"href":"https:\/\/elluchador.info\/index.php?rest_route=%2Fwp%2Fv2%2Fmedia&parent=199754"}],"wp:term":[{"taxonomy":"category","embeddable":true,"href":"https:\/\/elluchador.info\/index.php?rest_route=%2Fwp%2Fv2%2Fcategories&post=199754"},{"taxonomy":"post_tag","embeddable":true,"href":"https:\/\/elluchador.info\/index.php?rest_route=%2Fwp%2Fv2%2Ftags&post=199754"}],"curies":[{"name":"wp","href":"https:\/\/api.w.org\/{rel}","templated":true}]}}