{"id":199763,"date":"2021-10-02T20:53:42","date_gmt":"2021-10-03T00:53:42","guid":{"rendered":"https:\/\/elluchador.info\/web\/?p=199763"},"modified":"2021-10-02T20:53:44","modified_gmt":"2021-10-03T00:53:44","slug":"fallecio-el-embajador-william-izarra","status":"publish","type":"post","link":"https:\/\/elluchador.info\/?p=199763","title":{"rendered":"Falleci\u00f3 el embajador William Izarra"},"content":{"rendered":"\n<p>Se conoci\u00f3 que\u00a0<strong>el pol\u00edtico habr\u00eda muerto por complicaciones derivadas de la COVID-19,<\/strong>\u00a0a sus 74 a\u00f1os.<\/p>\n\n\n\n<p>Nicol\u00e1s Maduro inform\u00f3 la ma\u00f1ana de este s\u00e1bado<strong>\u00a0el fallecimiento de William Izarra,<\/strong>\u00a0quien actualmente se desempe\u00f1aba como embajador de la administraci\u00f3n chavista en\u00a0<strong>Corea del Norte.<\/strong><\/p>\n\n\n\n<p>\u00abMi m\u00e1s profundo pesar por la partida f\u00edsica de William Izarra, un gran compa\u00f1ero de lucha revolucionaria, leal e inteligente, amigo de nuestro Comandante Hugo Ch\u00e1vez\u00bb, expres\u00f3 Nicol\u00e1s Maduro en un tuit.<\/p>\n\n\n\n<p>\u00abEnv\u00edo mis sentidas condolencias a sus familiares, allegados y amigos. \u00a1Hasta la Victoria Siempre William!\u00bb, agreg\u00f3.<\/p>\n\n\n\n<p>Izarra, fue dirigente del Partido Socialista Unido de Venezuela (PSUV), padre del exministro de comunicaci\u00f3n e informaci\u00f3n&nbsp;<strong>Andr\u00e9s Izarra<\/strong>&nbsp;y presidente de la Comisi\u00f3n Permanente de Defensa del Senado, viceministro del ministerio de Relaciones Exteriores para Asia, Medio Oriente y Ocean\u00eda.<\/p>\n\n\n\n<p>Fue miembro fundador y primer director nacional de Organizaci\u00f3n del Movimiento V Rep\u00fablica (MVR) e integrante del Frente Patri\u00f3tico Revolucionario a ra\u00edz de los actos del 27F de 1989.<\/p>\n\n\n\n<p>El Impulso<\/p>\n","protected":false},"excerpt":{"rendered":"<p>Se conoci\u00f3 que\u00a0el pol\u00edtico habr\u00eda muerto por complicaciones derivadas de la COVID-19,\u00a0a sus 74 a\u00f1os. Nicol\u00e1s Maduro inform\u00f3 la ma\u00f1ana de este s\u00e1bado\u00a0el fallecimiento de William Izarra,\u00a0quien actualmente se desempe\u00f1aba como embajador de la administraci\u00f3n chavista en\u00a0Corea del Norte. \u00abMi m\u00e1s profundo pesar por la partida f\u00edsica de William Izarra, un gran compa\u00f1ero de lucha [&hellip;]<\/p>\n","protected":false},"author":2,"featured_media":199764,"comment_status":"closed","ping_status":"closed","sticky":false,"template":"","format":"standard","meta":{"footnotes":""},"categories":[5,9],"tags":[],"class_list":{"0":"post-199763","1":"post","2":"type-post","3":"status-publish","4":"format-standard","5":"has-post-thumbnail","7":"category-destacado","8":"category-nacionales"},"_links":{"self":[{"href":"https:\/\/elluchador.info\/index.php?rest_route=\/wp\/v2\/posts\/199763","targetHints":{"allow":["GET"]}}],"collection":[{"href":"https:\/\/elluchador.info\/index.php?rest_route=\/wp\/v2\/posts"}],"about":[{"href":"https:\/\/elluchador.info\/index.php?rest_route=\/wp\/v2\/types\/post"}],"author":[{"embeddable":true,"href":"https:\/\/elluchador.info\/index.php?rest_route=\/wp\/v2\/users\/2"}],"replies":[{"embeddable":true,"href":"https:\/\/elluchador.info\/index.php?rest_route=%2Fwp%2Fv2%2Fcomments&post=199763"}],"version-history":[{"count":1,"href":"https:\/\/elluchador.info\/index.php?rest_route=\/wp\/v2\/posts\/199763\/revisions"}],"predecessor-version":[{"id":199765,"href":"https:\/\/elluchador.info\/index.php?rest_route=\/wp\/v2\/posts\/199763\/revisions\/199765"}],"wp:featuredmedia":[{"embeddable":true,"href":"https:\/\/elluchador.info\/index.php?rest_route=\/wp\/v2\/media\/199764"}],"wp:attachment":[{"href":"https:\/\/elluchador.info\/index.php?rest_route=%2Fwp%2Fv2%2Fmedia&parent=199763"}],"wp:term":[{"taxonomy":"category","embeddable":true,"href":"https:\/\/elluchador.info\/index.php?rest_route=%2Fwp%2Fv2%2Fcategories&post=199763"},{"taxonomy":"post_tag","embeddable":true,"href":"https:\/\/elluchador.info\/index.php?rest_route=%2Fwp%2Fv2%2Ftags&post=199763"}],"curies":[{"name":"wp","href":"https:\/\/api.w.org\/{rel}","templated":true}]}}