{"id":199769,"date":"2021-10-02T21:03:01","date_gmt":"2021-10-03T01:03:01","guid":{"rendered":"https:\/\/elluchador.info\/web\/?p=199769"},"modified":"2021-10-02T21:03:05","modified_gmt":"2021-10-03T01:03:05","slug":"cinco-meses-mas-de-detencion-preventiva-para-jeanine-anez","status":"publish","type":"post","link":"https:\/\/elluchador.info\/?p=199769","title":{"rendered":"Cinco meses m\u00e1s de detenci\u00f3n preventiva para Jeanine \u00c1\u00f1ez"},"content":{"rendered":"\n<p>Un juez ampli\u00f3 el s\u00e1bado la detenci\u00f3n preventiva por otros cinco meses de la expresidenta interina de Bolivia&nbsp;<strong>Jeanine \u00c1\u00f1ez<\/strong>, detenida en marzo por cargos de conspiraci\u00f3n, terrorismo y sedici\u00f3n. La defensa de \u00c1\u00f1ez hab\u00eda pedido que ella fuera puesta en libertad alegando problemas de salud.<\/p>\n\n\n\n<p>Sin embargo, en una audiencia virtual en la que examin\u00f3 la solicitud, el juez Armando Zeballos<strong>\u00a0dispuso que A\u00f1ez siga detenida<\/strong>, explic\u00f3 el abogado defensor Luis Guill\u00e9n.<\/p>\n\n\n\n<p><strong>\u201cHe sido valorada por mi nutricionista con un diagn\u00f3stico de anorexia nerviosa, diagn\u00f3stico que sin duda agrava mi cuadro de desnutrici\u00f3n\u201d<\/strong>, dijo \u00c1\u00f1ez en su audiencia el viernes. El abogado defensor tild\u00f3 la decisi\u00f3n del juez de \u201carbitraria e irregular.<strong>&nbsp;\u201cEs cuestionable que no se tome en cuenta el estado de salud de la exmandataria\u201d<\/strong>, asegur\u00f3 Guill\u00e9n.<\/p>\n\n\n\n<p>Con \u00c1\u00f1ez suman m\u00e1s de 40 detenidos de forma preventiva, entre los cuales figuran dos exministros, as\u00ed como exfuncionarios, militares y polic\u00edas por el estallido social de noviembre de 2019 que precipit\u00f3 la renuncia del entonces presidente Evo Morales, tras unas elecciones fallidas denunciadas como fraudulentas y en la que Morales buscaba un cuarto mandato. El partido de gobierno sostiene que se trat\u00f3 de un supuesto&nbsp;<strong>\u201cgolpe de Estado\u201d<\/strong>.<\/p>\n\n\n\n<p>Durante las protestas callejeras murieron 37 personas. Una investigaci\u00f3n internacional determin\u00f3 que una veintena de ellas perdi\u00f3 la vida por la represi\u00f3n violenta de las fuerzas del orden, cuando \u00c1\u00f1ez asumi\u00f3 interinamente le poder con la misi\u00f3n de pacificar el pa\u00eds y llamar a nuevos comicios, que fueron ganados por el actual presidente Luis Arce en octubre de 2020.<\/p>\n\n\n\n<p>Sobre el mismo caso, la Fiscal\u00eda cit\u00f3 recientemente a varios l\u00edderes opositores. La oposici\u00f3n acusa al gobierno de haber desatado una<strong>\u00a0\u201cpersecuci\u00f3n judicial\u201d<\/strong>. El gobierno ha dicho que s\u00f3lo busca hacer justicia por las v\u00edctimas.<\/p>\n\n\n\n<p>El Impulso<\/p>\n","protected":false},"excerpt":{"rendered":"<p>Un juez ampli\u00f3 el s\u00e1bado la detenci\u00f3n preventiva por otros cinco meses de la expresidenta interina de Bolivia&nbsp;Jeanine \u00c1\u00f1ez, detenida en marzo por cargos de conspiraci\u00f3n, terrorismo y sedici\u00f3n. La defensa de \u00c1\u00f1ez hab\u00eda pedido que ella fuera puesta en libertad alegando problemas de salud. Sin embargo, en una audiencia virtual en la que examin\u00f3 [&hellip;]<\/p>\n","protected":false},"author":2,"featured_media":199770,"comment_status":"closed","ping_status":"closed","sticky":false,"template":"","format":"standard","meta":{"footnotes":""},"categories":[5,8],"tags":[],"class_list":{"0":"post-199769","1":"post","2":"type-post","3":"status-publish","4":"format-standard","5":"has-post-thumbnail","7":"category-destacado","8":"category-internacionales"},"_links":{"self":[{"href":"https:\/\/elluchador.info\/index.php?rest_route=\/wp\/v2\/posts\/199769","targetHints":{"allow":["GET"]}}],"collection":[{"href":"https:\/\/elluchador.info\/index.php?rest_route=\/wp\/v2\/posts"}],"about":[{"href":"https:\/\/elluchador.info\/index.php?rest_route=\/wp\/v2\/types\/post"}],"author":[{"embeddable":true,"href":"https:\/\/elluchador.info\/index.php?rest_route=\/wp\/v2\/users\/2"}],"replies":[{"embeddable":true,"href":"https:\/\/elluchador.info\/index.php?rest_route=%2Fwp%2Fv2%2Fcomments&post=199769"}],"version-history":[{"count":1,"href":"https:\/\/elluchador.info\/index.php?rest_route=\/wp\/v2\/posts\/199769\/revisions"}],"predecessor-version":[{"id":199771,"href":"https:\/\/elluchador.info\/index.php?rest_route=\/wp\/v2\/posts\/199769\/revisions\/199771"}],"wp:featuredmedia":[{"embeddable":true,"href":"https:\/\/elluchador.info\/index.php?rest_route=\/wp\/v2\/media\/199770"}],"wp:attachment":[{"href":"https:\/\/elluchador.info\/index.php?rest_route=%2Fwp%2Fv2%2Fmedia&parent=199769"}],"wp:term":[{"taxonomy":"category","embeddable":true,"href":"https:\/\/elluchador.info\/index.php?rest_route=%2Fwp%2Fv2%2Fcategories&post=199769"},{"taxonomy":"post_tag","embeddable":true,"href":"https:\/\/elluchador.info\/index.php?rest_route=%2Fwp%2Fv2%2Ftags&post=199769"}],"curies":[{"name":"wp","href":"https:\/\/api.w.org\/{rel}","templated":true}]}}