{"id":199786,"date":"2021-10-02T21:31:55","date_gmt":"2021-10-03T01:31:55","guid":{"rendered":"https:\/\/elluchador.info\/web\/?p=199786"},"modified":"2021-10-02T21:31:57","modified_gmt":"2021-10-03T01:31:57","slug":"alejandro-sanz-recibio-su-estrella-en-hollywood","status":"publish","type":"post","link":"https:\/\/elluchador.info\/?p=199786","title":{"rendered":"Alejandro Sanz recibi\u00f3 su estrella en Hollywood"},"content":{"rendered":"\n<p>Asegura un plet\u00f3rico\u00a0Alejandro Sanz que su estrella en el Paseo de la Fama de Hollywood \u00abllega en el momento justo\u00bb porque, tras casi dos a\u00f1os de par\u00f3n por la pandemia, ha sido su primera oportunidad para celebrar la m\u00fasica en compa\u00f1\u00eda de amigos y seguidores.<\/p>\n\n\n\n<blockquote class=\"wp-block-quote is-layout-flow wp-block-quote-is-layout-flow\"><p>El cantante se convirti\u00f3 en el noveno espa\u00f1ol al que la meca del mundo del espect\u00e1culo cede un pedazo de su m\u00edtica acera.\u00a0A partir de ahora,\u00a0el nombre del madrile\u00f1o compartir\u00e1 espacio con John Lennon, Paul McCartney y Roy Orbison en la entrada del edificio de Capitol Records,\u00a0el fragmento del paseo reservado para la m\u00fasica.<\/p><\/blockquote>\n\n\n\n<p>\u00abYo hoy tengo la necesidad de dar gracias al ni\u00f1o que fui y que se empe\u00f1\u00f3 en vivir de lo que so\u00f1aba\u00bb, cont\u00f3 Sanz en una entrevista con Efe minutos despu\u00e9s de desvelar su estrella, la n\u00famero 2.703 del recorrido.<\/p>\n\n\n\n<p>Antes, en su discurso de agradecimiento, el artista dese\u00f3 que sus padres estuvieran vivos para celebrar con \u00e9l un momento tan simb\u00f3lico en su carrera.<\/p>\n\n\n\n<blockquote class=\"wp-block-quote is-layout-flow wp-block-quote-is-layout-flow\"><p>\u00abTodo lo dem\u00e1s se mov\u00eda en otras direcciones. Mi madre quer\u00eda que trabajara en un banco, en la ventanilla. Mi padre en otra cosa. Me regalaban raquetas para que jugara al tenis\u2026 y aquel ni\u00f1o se empe\u00f1\u00f3 en llegar hasta el d\u00eda de hoy\u00bb, se\u00f1al\u00f3.<\/p><\/blockquote>\n\n\n\n<p>Sanz es el espa\u00f1ol con el mayor n\u00famero de premios Grammy en la historia (cuatro) y cuenta con otros 24 Latin Grammy.\u00a0En 2017 fue honrado por la Academia de Grabaci\u00f3n Latina como Persona del A\u00f1o por su carrera y sus contribuciones filantr\u00f3picas.<\/p>\n\n\n\n<p>As\u00ed,\u00a0su estrella en Los \u00c1ngeles se suma a una lista de reconocimientos\u00a0que no han dejado de llegar desde su debut a comienzos de los a\u00f1os 90. Son m\u00e1s de tres d\u00e9cadas, doce \u00e1lbumes de estudio y conciertos en todo el mundo los que avalan su peso en la industria musical.<\/p>\n\n\n\n<p>EFE<a href=\"https:\/\/unionradio.net\/david-bisbal-inicia-gira-por-15-ciudades-de-eeuu\/\"><\/a><\/p>\n","protected":false},"excerpt":{"rendered":"<p>Asegura un plet\u00f3rico\u00a0Alejandro Sanz que su estrella en el Paseo de la Fama de Hollywood \u00abllega en el momento justo\u00bb porque, tras casi dos a\u00f1os de par\u00f3n por la pandemia, ha sido su primera oportunidad para celebrar la m\u00fasica en compa\u00f1\u00eda de amigos y seguidores. El cantante se convirti\u00f3 en el noveno espa\u00f1ol al que [&hellip;]<\/p>\n","protected":false},"author":2,"featured_media":199787,"comment_status":"closed","ping_status":"closed","sticky":false,"template":"","format":"standard","meta":{"footnotes":""},"categories":[5,7],"tags":[],"class_list":{"0":"post-199786","1":"post","2":"type-post","3":"status-publish","4":"format-standard","5":"has-post-thumbnail","7":"category-destacado","8":"category-entretenimiento"},"_links":{"self":[{"href":"https:\/\/elluchador.info\/index.php?rest_route=\/wp\/v2\/posts\/199786","targetHints":{"allow":["GET"]}}],"collection":[{"href":"https:\/\/elluchador.info\/index.php?rest_route=\/wp\/v2\/posts"}],"about":[{"href":"https:\/\/elluchador.info\/index.php?rest_route=\/wp\/v2\/types\/post"}],"author":[{"embeddable":true,"href":"https:\/\/elluchador.info\/index.php?rest_route=\/wp\/v2\/users\/2"}],"replies":[{"embeddable":true,"href":"https:\/\/elluchador.info\/index.php?rest_route=%2Fwp%2Fv2%2Fcomments&post=199786"}],"version-history":[{"count":1,"href":"https:\/\/elluchador.info\/index.php?rest_route=\/wp\/v2\/posts\/199786\/revisions"}],"predecessor-version":[{"id":199788,"href":"https:\/\/elluchador.info\/index.php?rest_route=\/wp\/v2\/posts\/199786\/revisions\/199788"}],"wp:featuredmedia":[{"embeddable":true,"href":"https:\/\/elluchador.info\/index.php?rest_route=\/wp\/v2\/media\/199787"}],"wp:attachment":[{"href":"https:\/\/elluchador.info\/index.php?rest_route=%2Fwp%2Fv2%2Fmedia&parent=199786"}],"wp:term":[{"taxonomy":"category","embeddable":true,"href":"https:\/\/elluchador.info\/index.php?rest_route=%2Fwp%2Fv2%2Fcategories&post=199786"},{"taxonomy":"post_tag","embeddable":true,"href":"https:\/\/elluchador.info\/index.php?rest_route=%2Fwp%2Fv2%2Ftags&post=199786"}],"curies":[{"name":"wp","href":"https:\/\/api.w.org\/{rel}","templated":true}]}}