{"id":199819,"date":"2021-10-03T20:03:52","date_gmt":"2021-10-04T00:03:52","guid":{"rendered":"https:\/\/elluchador.info\/web\/?p=199819"},"modified":"2021-10-03T20:03:53","modified_gmt":"2021-10-04T00:03:53","slug":"clases-presenciales-iniciaran-del-25-al-29-de-octubre","status":"publish","type":"post","link":"https:\/\/elluchador.info\/?p=199819","title":{"rendered":"Clases Presenciales iniciar\u00e1n del 25 al 29 de octubre"},"content":{"rendered":"\n<p>Precis\u00f3 que cuando llegue el 25 de octubre&nbsp;<strong>\u00ab<\/strong><strong>debemos tener el 100% del personal educativo\u00bb<\/strong>&nbsp;vacunado.<\/p>\n\n\n\n<p>El presidente de la Rep\u00fablica, Nicol\u00e1s Maduro, anunci\u00f3 que las clases presenciales en primaria, secundaria y universidad&nbsp;<strong>iniciar\u00e1n del 25 al 29 de octubre<\/strong>.<\/p>\n\n\n\n<p>Manifest\u00f3 que&nbsp;<strong>\u00abpara que esto sea as\u00ed debemos mejorar los \u00edndices de cuidados\u00bb<\/strong>&nbsp;y resalt\u00f3 que \u00abcuando tengamos el protocolo listo, vamos a vacunar a los ni\u00f1os y ni\u00f1as de 2 a\u00f1os en adelante\u00bb.<\/p>\n\n\n\n<p>\u00abPara que esto sea as\u00ed tenemos que mejorar los \u00edndices de contagio y vacunaci\u00f3n.&nbsp;<strong>Hemos pensado tambi\u00e9n que los meses de noviembre y diciembre sean meses flexibles\u00bb<\/strong>, sum\u00f3.<\/p>\n\n\n\n<p>Advirti\u00f3 que para tener \u00abflexibilidad plena y segura\u00bb en los meses de noviembre y diciembre&nbsp;<strong>\u00abes necesario disminuir el n\u00famero de contagios\u00bb<\/strong>, por lo que invit\u00f3 a los venezolanos a inmunizarse y no relajar las medidas de bioseguridad.<\/p>\n\n\n\n<p>\u00ab\u00bfUstedes quieren tener un fin de a\u00f1o de alegr\u00eda, de compartir? Cuid\u00e9monos ahora, siempre. Yo s\u00e9 que ustedes quieren que vayamos a una flexibilidad amplia,&nbsp;<strong>entonces vamos a cuidarnos, a vacunarnos\u00bb<\/strong>, acot\u00f3.<\/p>\n","protected":false},"excerpt":{"rendered":"<p>Precis\u00f3 que cuando llegue el 25 de octubre&nbsp;\u00abdebemos tener el 100% del personal educativo\u00bb&nbsp;vacunado. El presidente de la Rep\u00fablica, Nicol\u00e1s Maduro, anunci\u00f3 que las clases presenciales en primaria, secundaria y universidad&nbsp;iniciar\u00e1n del 25 al 29 de octubre. Manifest\u00f3 que&nbsp;\u00abpara que esto sea as\u00ed debemos mejorar los \u00edndices de cuidados\u00bb&nbsp;y resalt\u00f3 que \u00abcuando tengamos el protocolo [&hellip;]<\/p>\n","protected":false},"author":2,"featured_media":199820,"comment_status":"closed","ping_status":"closed","sticky":false,"template":"","format":"standard","meta":{"footnotes":""},"categories":[5,9],"tags":[],"class_list":{"0":"post-199819","1":"post","2":"type-post","3":"status-publish","4":"format-standard","5":"has-post-thumbnail","7":"category-destacado","8":"category-nacionales"},"_links":{"self":[{"href":"https:\/\/elluchador.info\/index.php?rest_route=\/wp\/v2\/posts\/199819","targetHints":{"allow":["GET"]}}],"collection":[{"href":"https:\/\/elluchador.info\/index.php?rest_route=\/wp\/v2\/posts"}],"about":[{"href":"https:\/\/elluchador.info\/index.php?rest_route=\/wp\/v2\/types\/post"}],"author":[{"embeddable":true,"href":"https:\/\/elluchador.info\/index.php?rest_route=\/wp\/v2\/users\/2"}],"replies":[{"embeddable":true,"href":"https:\/\/elluchador.info\/index.php?rest_route=%2Fwp%2Fv2%2Fcomments&post=199819"}],"version-history":[{"count":1,"href":"https:\/\/elluchador.info\/index.php?rest_route=\/wp\/v2\/posts\/199819\/revisions"}],"predecessor-version":[{"id":199821,"href":"https:\/\/elluchador.info\/index.php?rest_route=\/wp\/v2\/posts\/199819\/revisions\/199821"}],"wp:featuredmedia":[{"embeddable":true,"href":"https:\/\/elluchador.info\/index.php?rest_route=\/wp\/v2\/media\/199820"}],"wp:attachment":[{"href":"https:\/\/elluchador.info\/index.php?rest_route=%2Fwp%2Fv2%2Fmedia&parent=199819"}],"wp:term":[{"taxonomy":"category","embeddable":true,"href":"https:\/\/elluchador.info\/index.php?rest_route=%2Fwp%2Fv2%2Fcategories&post=199819"},{"taxonomy":"post_tag","embeddable":true,"href":"https:\/\/elluchador.info\/index.php?rest_route=%2Fwp%2Fv2%2Ftags&post=199819"}],"curies":[{"name":"wp","href":"https:\/\/api.w.org\/{rel}","templated":true}]}}