{"id":199854,"date":"2021-10-04T09:12:09","date_gmt":"2021-10-04T13:12:09","guid":{"rendered":"https:\/\/elluchador.info\/web\/?p=199854"},"modified":"2021-10-04T09:12:11","modified_gmt":"2021-10-04T13:12:11","slug":"alcalde-de-rio-de-janeiro-preve-celebrar-el-carnaval-en-2022-sin-restricciones","status":"publish","type":"post","link":"https:\/\/elluchador.info\/?p=199854","title":{"rendered":"Alcalde de Rio de Janeiro prev\u00e9 celebrar el carnaval en 2022 sin restricciones"},"content":{"rendered":"\n<p>El alcalde de Rio de Janeiro, Eduardo Paes, dijo este domingo que para 2022 prev\u00e9 la celebraci\u00f3n del famoso carnaval carioca sin medidas de distanciamiento, luego de que fuera suspendido este a\u00f1o debido a la pandemia de coronavirus.<\/p>\n\n\n\n<p>\u00abHasta noviembre vacunaremos a toda la poblaci\u00f3n carioca con las dos dosis\u00bb de la vacuna anti-covid, \u00abentonces muy probablemente no tendremos m\u00e1s restricciones y con seguridad vamos a hacer el carnaval, uno de los mayores carnavales que tendremos, sin restricciones\u00bb, afirm\u00f3 Paes en un evento oficial en M\u00e9ier, un barrio de Rio.<\/p>\n\n\n\n<p>La ciudad de casi 7 millones de habitantes acumula m\u00e1s de 34.000 muertos y 480.000 casos desde el inicio de la pandemia, pero ya ha vacunado a 99,2% de los mayores de 12 a\u00f1os con una dosis, y a 65,9% con dos.<\/p>\n\n\n\n<p>\u00abLa \u00fanica certeza que tenemos es que estamos vacunando a todos, y con todos vacunados la vida vuelve a la normalidad\u00bb, dijo Paes en declaraciones a periodistas.<\/p>\n\n\n\n<p>\u00ab\u00bfQui\u00e9n se quedar\u00e1 haciendo distanciamiento en el Carnaval? Queda hasta rid\u00edculo pedir un metro de distancia. Si hubiere, yo ser\u00eda el primero en incumplir\u00bb, agreg\u00f3 bromeando.<\/p>\n\n\n\n<p>Las autoridades cariocas esperan que el avance de la vacunaci\u00f3n en los pr\u00f3ximos meses -que incluir\u00e1 una dosis de refuerzo para grupos de riesgo- permita realizar adem\u00e1s el Reveillon, que tambi\u00e9n fue suspendido por la pandemia.<\/p>\n\n\n\n<p>En las \u00faltimas semanas, la alcald\u00eda de Rio autoriz\u00f3 la realizaci\u00f3n de eventos de \u00abprueba\u00bb con p\u00fablico, como partidos de f\u00fatbol y fiestas sin el uso obligatorio de mascarillas, pero que requieren que los asistentes presenten su certificado de vacunaci\u00f3n y un test PCR negativo al covid.<\/p>\n\n\n\n<p>\u00abPor lo que veo, las personas est\u00e1n colaborando mucho\u00bb, celebr\u00f3 Paes.<\/p>\n\n\n\n<p>Desde el 15 de septiembre, el pasaporte sanitario adem\u00e1s es requisito para visitar los ic\u00f3nicos puntos tur\u00edsticos de Rio, como el Pan de Az\u00facar y su telef\u00e9rico, as\u00ed como a otros centros culturales y deportivos.<\/p>\n\n\n\n<p>El requisito del pasaporte fue suspendido el jueves durante un par de d\u00edas debido a una decisi\u00f3n judicial, pero un juez de la corte suprema reestableci\u00f3 su vigencia un d\u00eda despu\u00e9s.<\/p>\n\n\n\n<p>Con 212 millones de habitantes, Brasil registra casi 600.000 fallecidos por el covid, cifra superada solo por Estados Unidos.<\/p>\n\n\n\n<p><strong>AFP<\/strong><\/p>\n","protected":false},"excerpt":{"rendered":"<p>El alcalde de Rio de Janeiro, Eduardo Paes, dijo este domingo que para 2022 prev\u00e9 la celebraci\u00f3n del famoso carnaval carioca sin medidas de distanciamiento, luego de que fuera suspendido este a\u00f1o debido a la pandemia de coronavirus. \u00abHasta noviembre vacunaremos a toda la poblaci\u00f3n carioca con las dos dosis\u00bb de la vacuna anti-covid, \u00abentonces [&hellip;]<\/p>\n","protected":false},"author":2,"featured_media":199855,"comment_status":"closed","ping_status":"closed","sticky":false,"template":"","format":"standard","meta":{"footnotes":""},"categories":[8],"tags":[],"class_list":{"0":"post-199854","1":"post","2":"type-post","3":"status-publish","4":"format-standard","5":"has-post-thumbnail","7":"category-internacionales"},"_links":{"self":[{"href":"https:\/\/elluchador.info\/index.php?rest_route=\/wp\/v2\/posts\/199854","targetHints":{"allow":["GET"]}}],"collection":[{"href":"https:\/\/elluchador.info\/index.php?rest_route=\/wp\/v2\/posts"}],"about":[{"href":"https:\/\/elluchador.info\/index.php?rest_route=\/wp\/v2\/types\/post"}],"author":[{"embeddable":true,"href":"https:\/\/elluchador.info\/index.php?rest_route=\/wp\/v2\/users\/2"}],"replies":[{"embeddable":true,"href":"https:\/\/elluchador.info\/index.php?rest_route=%2Fwp%2Fv2%2Fcomments&post=199854"}],"version-history":[{"count":1,"href":"https:\/\/elluchador.info\/index.php?rest_route=\/wp\/v2\/posts\/199854\/revisions"}],"predecessor-version":[{"id":199856,"href":"https:\/\/elluchador.info\/index.php?rest_route=\/wp\/v2\/posts\/199854\/revisions\/199856"}],"wp:featuredmedia":[{"embeddable":true,"href":"https:\/\/elluchador.info\/index.php?rest_route=\/wp\/v2\/media\/199855"}],"wp:attachment":[{"href":"https:\/\/elluchador.info\/index.php?rest_route=%2Fwp%2Fv2%2Fmedia&parent=199854"}],"wp:term":[{"taxonomy":"category","embeddable":true,"href":"https:\/\/elluchador.info\/index.php?rest_route=%2Fwp%2Fv2%2Fcategories&post=199854"},{"taxonomy":"post_tag","embeddable":true,"href":"https:\/\/elluchador.info\/index.php?rest_route=%2Fwp%2Fv2%2Ftags&post=199854"}],"curies":[{"name":"wp","href":"https:\/\/api.w.org\/{rel}","templated":true}]}}