{"id":199863,"date":"2021-10-04T19:32:40","date_gmt":"2021-10-04T23:32:40","guid":{"rendered":"https:\/\/elluchador.info\/web\/?p=199863"},"modified":"2021-10-04T19:32:41","modified_gmt":"2021-10-04T23:32:41","slug":"frontera-de-colombia-con-venezuela-abre-paso-comercial","status":"publish","type":"post","link":"https:\/\/elluchador.info\/?p=199863","title":{"rendered":"Frontera de Colombia con Venezuela abre paso comercial"},"content":{"rendered":"\n<p>La vicepresidente Ejecutiva de la Rep\u00fablica, Delcy Rodr\u00edguez, inform\u00f3 que desde este martes se abrir\u00e1 el paso comercial en la frontera con Colombia, respetando los protocolos de bioseguridad para prevenir contagios de covid-19.<\/p>\n\n\n\n<p><br>\u00abEl presidente&nbsp;Nicol\u00e1s Maduro&nbsp;nos ha pedido anunciar a la poblaci\u00f3n del estado T\u00e1chira, fronteriza con Colombia, que a partir del d\u00eda de ma\u00f1ana estaremos dando apertura comercial entre nuestros pa\u00edses\u00bb, declar\u00f3 la funcionaria.<\/p>\n\n\n\n<p>\u00abEste es un mensaje directo a las fuerzas productivas de Colombia y Venezuela para mantener un intercambio sano, debe ser un intercambio bioseguro\u00bb, a\u00f1adi\u00f3.<\/p>\n\n\n\n<p>Explic\u00f3 que en el \u00faltimo mes se despleg\u00f3 un equipo con el prop\u00f3sito de vacunar a las personas de forma \u00abhumanista y gratuita\u00bb a quienes viven en la zona lim\u00edtrofe con la naci\u00f3n cafetera.<br>Aprovech\u00f3 la ocasi\u00f3n para pedir que cese las agresiones al Estado venezolano, \u00abescuchen los anhelos de nuestros pueblos y dejen de lado los planes violentos y conspiraciones en contra de la Rep\u00fablica Bolivariana de Venezuela\u00bb.\u00a0<\/p>\n\n\n\n<p>EDG<\/p>\n","protected":false},"excerpt":{"rendered":"<p>La vicepresidente Ejecutiva de la Rep\u00fablica, Delcy Rodr\u00edguez, inform\u00f3 que desde este martes se abrir\u00e1 el paso comercial en la frontera con Colombia, respetando los protocolos de bioseguridad para prevenir contagios de covid-19. \u00abEl presidente&nbsp;Nicol\u00e1s Maduro&nbsp;nos ha pedido anunciar a la poblaci\u00f3n del estado T\u00e1chira, fronteriza con Colombia, que a partir del d\u00eda de ma\u00f1ana [&hellip;]<\/p>\n","protected":false},"author":2,"featured_media":199864,"comment_status":"closed","ping_status":"closed","sticky":false,"template":"","format":"standard","meta":{"footnotes":""},"categories":[5,8],"tags":[],"class_list":{"0":"post-199863","1":"post","2":"type-post","3":"status-publish","4":"format-standard","5":"has-post-thumbnail","7":"category-destacado","8":"category-internacionales"},"_links":{"self":[{"href":"https:\/\/elluchador.info\/index.php?rest_route=\/wp\/v2\/posts\/199863","targetHints":{"allow":["GET"]}}],"collection":[{"href":"https:\/\/elluchador.info\/index.php?rest_route=\/wp\/v2\/posts"}],"about":[{"href":"https:\/\/elluchador.info\/index.php?rest_route=\/wp\/v2\/types\/post"}],"author":[{"embeddable":true,"href":"https:\/\/elluchador.info\/index.php?rest_route=\/wp\/v2\/users\/2"}],"replies":[{"embeddable":true,"href":"https:\/\/elluchador.info\/index.php?rest_route=%2Fwp%2Fv2%2Fcomments&post=199863"}],"version-history":[{"count":1,"href":"https:\/\/elluchador.info\/index.php?rest_route=\/wp\/v2\/posts\/199863\/revisions"}],"predecessor-version":[{"id":199865,"href":"https:\/\/elluchador.info\/index.php?rest_route=\/wp\/v2\/posts\/199863\/revisions\/199865"}],"wp:featuredmedia":[{"embeddable":true,"href":"https:\/\/elluchador.info\/index.php?rest_route=\/wp\/v2\/media\/199864"}],"wp:attachment":[{"href":"https:\/\/elluchador.info\/index.php?rest_route=%2Fwp%2Fv2%2Fmedia&parent=199863"}],"wp:term":[{"taxonomy":"category","embeddable":true,"href":"https:\/\/elluchador.info\/index.php?rest_route=%2Fwp%2Fv2%2Fcategories&post=199863"},{"taxonomy":"post_tag","embeddable":true,"href":"https:\/\/elluchador.info\/index.php?rest_route=%2Fwp%2Fv2%2Ftags&post=199863"}],"curies":[{"name":"wp","href":"https:\/\/api.w.org\/{rel}","templated":true}]}}