{"id":199884,"date":"2021-10-04T20:22:27","date_gmt":"2021-10-05T00:22:27","guid":{"rendered":"https:\/\/elluchador.info\/web\/?p=199884"},"modified":"2021-10-04T20:22:29","modified_gmt":"2021-10-05T00:22:29","slug":"6-6-millones-de-dolares-fue-la-perdida-de-mark-zuckerberg-tras-caida-de-redes-sociales","status":"publish","type":"post","link":"https:\/\/elluchador.info\/?p=199884","title":{"rendered":"6.6 millones de d\u00f3lares fue la p\u00e9rdida de Mark Zuckerberg tras ca\u00edda de redes sociales"},"content":{"rendered":"\n<p>Las acciones de Facebook registr\u00f3 un ca\u00edda de 4.7 por ciento en la Bolsa de Valores de Nueva York;\u00a0sin embargo, no es la \u00fanica compa\u00f1\u00eda tecnol\u00f3gica a la baja, pues Apple y Microsoft tambi\u00e9n reportaron descensos.- Publicidad &#8211;<\/p>\n\n\n\n<p>La ca\u00edda mundial de las redes sociales Whatsapp, Facebook e Instagram, costaron al due\u00f1o de las mismas Mark Zuckerberg,\u00a0una p\u00e9rdida de al menos 6.6 millones de d\u00f3lares\u00a0este lunes 4 de octubre.<\/p>\n\n\n\n<p>\u201cAlgunas personas est\u00e1n teniendo problemas para acceder al app de Facebook\u201d\u00a0y que trabaja en restaurar el acceso fue lo que escribi\u00f3 Facebook en su cuenta de Twitter.<\/p>\n\n\n\n<p>Por ahora, Facebook no ha dado explicaciones de la ca\u00edda de sus servidores. Incluso los servidores internos de la compa\u00f1\u00eda est\u00e1n sin funcionar.<\/p>\n\n\n\n<p>Por su parte, WhatsApp escribi\u00f3 en su cuenta de twitter:\u00a0\u00abSomos conscientes de que algunas personas est\u00e1n experimentando problemas con WhatsApp en este momento. Estamos trabajando para que todo vuelva a la normalidad y enviaremos una actualizaci\u00f3n aqu\u00ed lo antes posible. \u00a1Gracias por su paciencia!\u00bb.<\/p>\n\n\n\n<p>La desconocida falla, afect\u00f3 este lunes las comunicaciones de millones de personas a nivel mundial,\u00a0de las que un gran porcentaje se vio en la obligaci\u00f3n de migrar a otras plataformas como Telegram y Twitter,\u00a0para seguir comunicados.<\/p>\n\n\n\n<p>El Impulso<\/p>\n","protected":false},"excerpt":{"rendered":"<p>Las acciones de Facebook registr\u00f3 un ca\u00edda de 4.7 por ciento en la Bolsa de Valores de Nueva York;\u00a0sin embargo, no es la \u00fanica compa\u00f1\u00eda tecnol\u00f3gica a la baja, pues Apple y Microsoft tambi\u00e9n reportaron descensos.- Publicidad &#8211; La ca\u00edda mundial de las redes sociales Whatsapp, Facebook e Instagram, costaron al due\u00f1o de las mismas [&hellip;]<\/p>\n","protected":false},"author":2,"featured_media":199885,"comment_status":"closed","ping_status":"closed","sticky":false,"template":"","format":"standard","meta":{"footnotes":""},"categories":[5,8],"tags":[],"class_list":{"0":"post-199884","1":"post","2":"type-post","3":"status-publish","4":"format-standard","5":"has-post-thumbnail","7":"category-destacado","8":"category-internacionales"},"_links":{"self":[{"href":"https:\/\/elluchador.info\/index.php?rest_route=\/wp\/v2\/posts\/199884","targetHints":{"allow":["GET"]}}],"collection":[{"href":"https:\/\/elluchador.info\/index.php?rest_route=\/wp\/v2\/posts"}],"about":[{"href":"https:\/\/elluchador.info\/index.php?rest_route=\/wp\/v2\/types\/post"}],"author":[{"embeddable":true,"href":"https:\/\/elluchador.info\/index.php?rest_route=\/wp\/v2\/users\/2"}],"replies":[{"embeddable":true,"href":"https:\/\/elluchador.info\/index.php?rest_route=%2Fwp%2Fv2%2Fcomments&post=199884"}],"version-history":[{"count":1,"href":"https:\/\/elluchador.info\/index.php?rest_route=\/wp\/v2\/posts\/199884\/revisions"}],"predecessor-version":[{"id":199886,"href":"https:\/\/elluchador.info\/index.php?rest_route=\/wp\/v2\/posts\/199884\/revisions\/199886"}],"wp:featuredmedia":[{"embeddable":true,"href":"https:\/\/elluchador.info\/index.php?rest_route=\/wp\/v2\/media\/199885"}],"wp:attachment":[{"href":"https:\/\/elluchador.info\/index.php?rest_route=%2Fwp%2Fv2%2Fmedia&parent=199884"}],"wp:term":[{"taxonomy":"category","embeddable":true,"href":"https:\/\/elluchador.info\/index.php?rest_route=%2Fwp%2Fv2%2Fcategories&post=199884"},{"taxonomy":"post_tag","embeddable":true,"href":"https:\/\/elluchador.info\/index.php?rest_route=%2Fwp%2Fv2%2Ftags&post=199884"}],"curies":[{"name":"wp","href":"https:\/\/api.w.org\/{rel}","templated":true}]}}