{"id":199893,"date":"2021-10-04T20:32:30","date_gmt":"2021-10-05T00:32:30","guid":{"rendered":"https:\/\/elluchador.info\/web\/?p=199893"},"modified":"2021-10-04T20:32:31","modified_gmt":"2021-10-05T00:32:31","slug":"medicos-unidos-advierten-aumento-de-casos-por-reinicio-de-clases-presenciales","status":"publish","type":"post","link":"https:\/\/elluchador.info\/?p=199893","title":{"rendered":"M\u00e9dicos Unidos advierten aumento de casos por reinicio de clases presenciales"},"content":{"rendered":"\n<p>&nbsp;Representantes de la ONG M\u00e9dicos Unidos por Venezuela advierten que el reinicio de clases presenciales y la flexibilizaci\u00f3n de medidas sanitarias en actividades pol\u00edticas podr\u00edan aumentar los casos de covid-19 en la regi\u00f3n.<\/p>\n\n\n\n<p>Jorge P\u00e9rez, vocero, alert\u00f3 que \u00abVenezuela no est\u00e1 preparad porque no toda la poblaci\u00f3n est\u00e9 vacunada, estamos retrasados en el proceso.<\/p>\n\n\n\n<p>Uni\u00f3n Radio<\/p>\n","protected":false},"excerpt":{"rendered":"<p>&nbsp;Representantes de la ONG M\u00e9dicos Unidos por Venezuela advierten que el reinicio de clases presenciales y la flexibilizaci\u00f3n de medidas sanitarias en actividades pol\u00edticas podr\u00edan aumentar los casos de covid-19 en la regi\u00f3n. Jorge P\u00e9rez, vocero, alert\u00f3 que \u00abVenezuela no est\u00e1 preparad porque no toda la poblaci\u00f3n est\u00e9 vacunada, estamos retrasados en el proceso. Uni\u00f3n [&hellip;]<\/p>\n","protected":false},"author":2,"featured_media":199894,"comment_status":"closed","ping_status":"closed","sticky":false,"template":"","format":"standard","meta":{"footnotes":""},"categories":[5,9],"tags":[],"class_list":{"0":"post-199893","1":"post","2":"type-post","3":"status-publish","4":"format-standard","5":"has-post-thumbnail","7":"category-destacado","8":"category-nacionales"},"_links":{"self":[{"href":"https:\/\/elluchador.info\/index.php?rest_route=\/wp\/v2\/posts\/199893","targetHints":{"allow":["GET"]}}],"collection":[{"href":"https:\/\/elluchador.info\/index.php?rest_route=\/wp\/v2\/posts"}],"about":[{"href":"https:\/\/elluchador.info\/index.php?rest_route=\/wp\/v2\/types\/post"}],"author":[{"embeddable":true,"href":"https:\/\/elluchador.info\/index.php?rest_route=\/wp\/v2\/users\/2"}],"replies":[{"embeddable":true,"href":"https:\/\/elluchador.info\/index.php?rest_route=%2Fwp%2Fv2%2Fcomments&post=199893"}],"version-history":[{"count":1,"href":"https:\/\/elluchador.info\/index.php?rest_route=\/wp\/v2\/posts\/199893\/revisions"}],"predecessor-version":[{"id":199895,"href":"https:\/\/elluchador.info\/index.php?rest_route=\/wp\/v2\/posts\/199893\/revisions\/199895"}],"wp:featuredmedia":[{"embeddable":true,"href":"https:\/\/elluchador.info\/index.php?rest_route=\/wp\/v2\/media\/199894"}],"wp:attachment":[{"href":"https:\/\/elluchador.info\/index.php?rest_route=%2Fwp%2Fv2%2Fmedia&parent=199893"}],"wp:term":[{"taxonomy":"category","embeddable":true,"href":"https:\/\/elluchador.info\/index.php?rest_route=%2Fwp%2Fv2%2Fcategories&post=199893"},{"taxonomy":"post_tag","embeddable":true,"href":"https:\/\/elluchador.info\/index.php?rest_route=%2Fwp%2Fv2%2Ftags&post=199893"}],"curies":[{"name":"wp","href":"https:\/\/api.w.org\/{rel}","templated":true}]}}