{"id":199909,"date":"2021-10-05T14:16:32","date_gmt":"2021-10-05T18:16:32","guid":{"rendered":"https:\/\/elluchador.info\/web\/?p=199909"},"modified":"2021-10-05T14:16:34","modified_gmt":"2021-10-05T18:16:34","slug":"apertura-comercial-de-la-frontera-con-colombia-empezara-por-urena","status":"publish","type":"post","link":"https:\/\/elluchador.info\/?p=199909","title":{"rendered":"Apertura comercial de la frontera con Colombia empezar\u00e1 por Ure\u00f1a"},"content":{"rendered":"\n<p>La apertura comercial en la frontera colombo-venezolana comenzar\u00e1 por el puente internacional Francisco de Paula, en Ure\u00f1a, estado T\u00e1chira, que comunica al municipio Pedro Mar\u00eda Ure\u00f1a (Venezuela) con El Escobal (Colombia),&nbsp; inform\u00f3 el diputado Freddy Bernal.<\/p>\n\n\n\n<p>\u201cLa apertura era un anhelo de toda la zona de frontera tanto del Norte de Santander como del estado T\u00e1chira, y va a beneficiar a millones de personas, porque es una frontera viva y din\u00e1mica y el crecimiento y el impulso del aparato productivo, comercial e industrial depende de una bisagra de conexi\u00f3n con Colombia\u201d, dijo.<\/p>\n\n\n\n<p>El tambi\u00e9n protector del estado destac\u00f3 que est\u00e1 de parte de los empresarios de Colombia y Venezuela los tr\u00e1mites de car\u00e1cter administrativo. \u201cPorque recordemos que son dos naciones soberanas y las dos naciones tienen reglas de car\u00e1cter administrativo, de car\u00e1cter jur\u00eddico que los empresarios deben cumplir para que efectivamente pueda darse el intercambio comercial\u201d, indic\u00f3.<\/p>\n\n\n\n<h4 class=\"wp-block-heading\">Contenedores removidos<\/h4>\n\n\n\n<p>M\u00e1s temprano, los contenedores que bloqueaban la circulaci\u00f3n por el principal cruce fronterizo entre Venezuela y Colombia, el puente Sim\u00f3n Bol\u00edvar-Francisco de Paula Santander, fueron removidos.<\/p>\n\n\n\n<p>El gobierno orden\u00f3 el bloqueo de los pasos binacionales a finales de febrero de 2019, en el pulso por el ingreso de alimentos e insumos m\u00e9dicos gestionados por el l\u00edder opositor Juan Guaid\u00f3.&nbsp; Los obst\u00e1culos y una fuerte presencia militar impidieron el ingreso de los cargamentos desde C\u00facuta el 23 de febrero, lo que gener\u00f3 violentos disturbios en el lado venezolano.<\/p>\n\n\n\n<p>Maduro, que rompi\u00f3 relaciones diplom\u00e1ticas con Bogot\u00e1 por su reconocimiento a Guaid\u00f3 como interino, orden\u00f3 entonces el cierre de la frontera aduciendo que las donaciones eran un pretexto para una \u00abinvasi\u00f3n\u00bb de Estados Unidos.<\/p>\n\n\n\n<p>Un montacargas arrastraba los obst\u00e1culos met\u00e1licos pintados con colores patrios, atravesado en el Puente Internacional Sim\u00f3n Bol\u00edvar, que comunica a San Antonio del T\u00e1chira con C\u00facuta, en Colombia, dejando una estela de tierra y marcas en el asfalto.<\/p>\n\n\n\n<p>Militares comenzaron a trabajar el domingo de noche, quitando vallas met\u00e1licas que obstaculizaban el paso hacia el puente Sim\u00f3n Bol\u00edvar.<\/p>\n\n\n\n<p>Banca y Negocio<\/p>\n","protected":false},"excerpt":{"rendered":"<p>La apertura comercial en la frontera colombo-venezolana comenzar\u00e1 por el puente internacional Francisco de Paula, en Ure\u00f1a, estado T\u00e1chira, que comunica al municipio Pedro Mar\u00eda Ure\u00f1a (Venezuela) con El Escobal (Colombia),&nbsp; inform\u00f3 el diputado Freddy Bernal. \u201cLa apertura era un anhelo de toda la zona de frontera tanto del Norte de Santander como del estado [&hellip;]<\/p>\n","protected":false},"author":2,"featured_media":199910,"comment_status":"closed","ping_status":"closed","sticky":false,"template":"","format":"standard","meta":{"footnotes":""},"categories":[5,8],"tags":[],"class_list":{"0":"post-199909","1":"post","2":"type-post","3":"status-publish","4":"format-standard","5":"has-post-thumbnail","7":"category-destacado","8":"category-internacionales"},"_links":{"self":[{"href":"https:\/\/elluchador.info\/index.php?rest_route=\/wp\/v2\/posts\/199909","targetHints":{"allow":["GET"]}}],"collection":[{"href":"https:\/\/elluchador.info\/index.php?rest_route=\/wp\/v2\/posts"}],"about":[{"href":"https:\/\/elluchador.info\/index.php?rest_route=\/wp\/v2\/types\/post"}],"author":[{"embeddable":true,"href":"https:\/\/elluchador.info\/index.php?rest_route=\/wp\/v2\/users\/2"}],"replies":[{"embeddable":true,"href":"https:\/\/elluchador.info\/index.php?rest_route=%2Fwp%2Fv2%2Fcomments&post=199909"}],"version-history":[{"count":1,"href":"https:\/\/elluchador.info\/index.php?rest_route=\/wp\/v2\/posts\/199909\/revisions"}],"predecessor-version":[{"id":199911,"href":"https:\/\/elluchador.info\/index.php?rest_route=\/wp\/v2\/posts\/199909\/revisions\/199911"}],"wp:featuredmedia":[{"embeddable":true,"href":"https:\/\/elluchador.info\/index.php?rest_route=\/wp\/v2\/media\/199910"}],"wp:attachment":[{"href":"https:\/\/elluchador.info\/index.php?rest_route=%2Fwp%2Fv2%2Fmedia&parent=199909"}],"wp:term":[{"taxonomy":"category","embeddable":true,"href":"https:\/\/elluchador.info\/index.php?rest_route=%2Fwp%2Fv2%2Fcategories&post=199909"},{"taxonomy":"post_tag","embeddable":true,"href":"https:\/\/elluchador.info\/index.php?rest_route=%2Fwp%2Fv2%2Ftags&post=199909"}],"curies":[{"name":"wp","href":"https:\/\/api.w.org\/{rel}","templated":true}]}}