{"id":199929,"date":"2021-10-05T19:00:55","date_gmt":"2021-10-05T23:00:55","guid":{"rendered":"https:\/\/elluchador.info\/web\/?p=199929"},"modified":"2021-10-05T19:00:57","modified_gmt":"2021-10-05T23:00:57","slug":"maduro-designo-nuevo-encargado-de-negocios-ante-la-ue","status":"publish","type":"post","link":"https:\/\/elluchador.info\/?p=199929","title":{"rendered":"Maduro design\u00f3 nuevo encargado de negocios ante la UE"},"content":{"rendered":"\n<p>&nbsp;El gobierno nacional design\u00f3 a Daniela Rodr\u00edguez como viceministra de Relaciones Exteriores para Europa y a Yvan Gil como encargado de negocios&nbsp;ante la Uni\u00f3n Europea (UE), inform\u00f3 este martes el canciller venezolano, F\u00e9lix Plasencia.<\/p>\n\n\n\n<p>Rodr\u00edguez se desempa\u00f1aba como viceministra para Temas Multilaterales del Ministerio para Relaciones Exteriores, mientras que Gil estaba al frente del&nbsp;despacho para Europa.<\/p>\n\n\n\n<p>Las nuevas funciones de Gil y Rodr\u00edguez dentro de la canciller\u00eda forman parte del&nbsp;<strong>proceso de renovaci\u00f3n de las relaciones bilaterales entre Venezuela y&nbsp;el bloque&nbsp;europeo<\/strong>, que empez\u00f3 a principios de este a\u00f1o, tras el acercamiento entre&nbsp;Caracas y el&nbsp;alto representante de la Uni\u00f3n Europea&nbsp;para la Pol\u00edtica Exterior,&nbsp;Josep Borrell.<\/p>\n\n\n\n<p>Desde entonces, se han designado a nuevos representantes diplom\u00e1ticos y se ha confirmado que una misi\u00f3n de la UE viajar\u00e1 a Venezuela para observar\u00a0el pr\u00f3ximo\u00a0las elecciones,\u00a0que se realizar\u00e1n el pr\u00f3ximo 21 de noviembre.<\/p>\n\n\n\n<figure class=\"wp-block-embed is-type-rich is-provider-twitter wp-block-embed-twitter\"><div class=\"wp-block-embed__wrapper\">\n<blockquote class=\"twitter-tweet\" data-width=\"550\" data-dnt=\"true\"><p lang=\"es\" dir=\"ltr\">Siguiendo instrucciones del Presidente <a href=\"https:\/\/twitter.com\/NicolasMaduro?ref_src=twsrc%5Etfw\">@NicolasMaduro<\/a> ha sido designado el compa\u00f1ero Rub\u00e9n Dario Molina como Viceministro para Asuntos Multilaterales y <a href=\"https:\/\/twitter.com\/danialerodrimar?ref_src=twsrc%5Etfw\">@danialerodrimar<\/a> como Viceministra (E) para Europa. <a href=\"https:\/\/twitter.com\/yvangil?ref_src=twsrc%5Etfw\">@YvanGil<\/a> ser\u00e1 nuestro Encargado de Negocios ante la Uni\u00f3n Europea <a href=\"https:\/\/twitter.com\/hashtag\/5Oct?src=hash&amp;ref_src=twsrc%5Etfw\">#5Oct<\/a> <a href=\"https:\/\/t.co\/i5Wtt83Eno\">pic.twitter.com\/i5Wtt83Eno<\/a><\/p>&mdash; Felix Plasencia (@plasenciafelixr) <a href=\"https:\/\/twitter.com\/plasenciafelixr\/status\/1445483966681649153?ref_src=twsrc%5Etfw\">October 5, 2021<\/a><\/blockquote><script async src=\"https:\/\/platform.twitter.com\/widgets.js\" charset=\"utf-8\"><\/script>\n<\/div><\/figure>\n\n\n\n<p>Uni\u00f3n Radio<\/p>\n","protected":false},"excerpt":{"rendered":"<p>&nbsp;El gobierno nacional design\u00f3 a Daniela Rodr\u00edguez como viceministra de Relaciones Exteriores para Europa y a Yvan Gil como encargado de negocios&nbsp;ante la Uni\u00f3n Europea (UE), inform\u00f3 este martes el canciller venezolano, F\u00e9lix Plasencia. Rodr\u00edguez se desempa\u00f1aba como viceministra para Temas Multilaterales del Ministerio para Relaciones Exteriores, mientras que Gil estaba al frente del&nbsp;despacho para [&hellip;]<\/p>\n","protected":false},"author":2,"featured_media":199930,"comment_status":"closed","ping_status":"closed","sticky":false,"template":"","format":"standard","meta":{"footnotes":""},"categories":[5,9],"tags":[],"class_list":{"0":"post-199929","1":"post","2":"type-post","3":"status-publish","4":"format-standard","5":"has-post-thumbnail","7":"category-destacado","8":"category-nacionales"},"_links":{"self":[{"href":"https:\/\/elluchador.info\/index.php?rest_route=\/wp\/v2\/posts\/199929","targetHints":{"allow":["GET"]}}],"collection":[{"href":"https:\/\/elluchador.info\/index.php?rest_route=\/wp\/v2\/posts"}],"about":[{"href":"https:\/\/elluchador.info\/index.php?rest_route=\/wp\/v2\/types\/post"}],"author":[{"embeddable":true,"href":"https:\/\/elluchador.info\/index.php?rest_route=\/wp\/v2\/users\/2"}],"replies":[{"embeddable":true,"href":"https:\/\/elluchador.info\/index.php?rest_route=%2Fwp%2Fv2%2Fcomments&post=199929"}],"version-history":[{"count":1,"href":"https:\/\/elluchador.info\/index.php?rest_route=\/wp\/v2\/posts\/199929\/revisions"}],"predecessor-version":[{"id":199931,"href":"https:\/\/elluchador.info\/index.php?rest_route=\/wp\/v2\/posts\/199929\/revisions\/199931"}],"wp:featuredmedia":[{"embeddable":true,"href":"https:\/\/elluchador.info\/index.php?rest_route=\/wp\/v2\/media\/199930"}],"wp:attachment":[{"href":"https:\/\/elluchador.info\/index.php?rest_route=%2Fwp%2Fv2%2Fmedia&parent=199929"}],"wp:term":[{"taxonomy":"category","embeddable":true,"href":"https:\/\/elluchador.info\/index.php?rest_route=%2Fwp%2Fv2%2Fcategories&post=199929"},{"taxonomy":"post_tag","embeddable":true,"href":"https:\/\/elluchador.info\/index.php?rest_route=%2Fwp%2Fv2%2Ftags&post=199929"}],"curies":[{"name":"wp","href":"https:\/\/api.w.org\/{rel}","templated":true}]}}