{"id":199932,"date":"2021-10-05T19:05:43","date_gmt":"2021-10-05T23:05:43","guid":{"rendered":"https:\/\/elluchador.info\/web\/?p=199932"},"modified":"2021-10-05T19:05:44","modified_gmt":"2021-10-05T23:05:44","slug":"gobierno-colombiano-asegura-estar-dispuesto-a-reabrir-servicios-consulares-en-venezuela","status":"publish","type":"post","link":"https:\/\/elluchador.info\/?p=199932","title":{"rendered":"Gobierno colombiano asegura estar dispuesto a reabrir servicios consulares en Venezuela"},"content":{"rendered":"\n<p>\u00abEstamos abiertos a que si hay las condiciones y si hay las garant\u00edas se pueda restablecer ese servicio consular, pero, obviamente, sobre la premisa de que existan todas las garant\u00edas en materia de seguridad\u00bb, asegur\u00f3 en una declaraci\u00f3n a periodistas el mandatario colombiano.<\/p>\n\n\n\n<p>El presidente de Colombia, Iv\u00e1n Duque, dijo este martes que est\u00e1 dispuesto a reabrir los servicios consulares en Venezuela, suspendidos desde 2019.<\/p>\n\n\n\n<p>Duque asegur\u00f3 que entre ambas naciones se han mantenido los servicios consulares de manera permanente y aclar\u00f3 que la reapertura de estos servicios&nbsp;<strong>\u00abm\u00e1s que tener que ver con qu\u00e9 tipo de gobernante hay en otro pa\u00eds, es para garantizar la atenci\u00f3n de nuestros ciudadanos connacionales en otros territorios\u00bb.<\/strong><\/p>\n\n\n\n<p>\u00abEn la medida que haya condiciones de seguridad y de protecci\u00f3n al personal consular, nosotros estamos abiertos a retomar ese servicio\u00bb, reiter\u00f3 Duque.<\/p>\n\n\n\n<p>Caracas rompi\u00f3 relaciones diplom\u00e1ticas con Colombia el 23 de febrero de 2019. En esa ocasi\u00f3n, Maduro dio 24 horas a los pocos funcionarios consulares de Colombia que quedaban en Venezuela para abandonar el pa\u00eds.<\/p>\n\n\n\n<p>EFE<\/p>\n","protected":false},"excerpt":{"rendered":"<p>\u00abEstamos abiertos a que si hay las condiciones y si hay las garant\u00edas se pueda restablecer ese servicio consular, pero, obviamente, sobre la premisa de que existan todas las garant\u00edas en materia de seguridad\u00bb, asegur\u00f3 en una declaraci\u00f3n a periodistas el mandatario colombiano. El presidente de Colombia, Iv\u00e1n Duque, dijo este martes que est\u00e1 dispuesto [&hellip;]<\/p>\n","protected":false},"author":2,"featured_media":199933,"comment_status":"closed","ping_status":"closed","sticky":false,"template":"","format":"standard","meta":{"footnotes":""},"categories":[5,8],"tags":[],"class_list":{"0":"post-199932","1":"post","2":"type-post","3":"status-publish","4":"format-standard","5":"has-post-thumbnail","7":"category-destacado","8":"category-internacionales"},"_links":{"self":[{"href":"https:\/\/elluchador.info\/index.php?rest_route=\/wp\/v2\/posts\/199932","targetHints":{"allow":["GET"]}}],"collection":[{"href":"https:\/\/elluchador.info\/index.php?rest_route=\/wp\/v2\/posts"}],"about":[{"href":"https:\/\/elluchador.info\/index.php?rest_route=\/wp\/v2\/types\/post"}],"author":[{"embeddable":true,"href":"https:\/\/elluchador.info\/index.php?rest_route=\/wp\/v2\/users\/2"}],"replies":[{"embeddable":true,"href":"https:\/\/elluchador.info\/index.php?rest_route=%2Fwp%2Fv2%2Fcomments&post=199932"}],"version-history":[{"count":1,"href":"https:\/\/elluchador.info\/index.php?rest_route=\/wp\/v2\/posts\/199932\/revisions"}],"predecessor-version":[{"id":199934,"href":"https:\/\/elluchador.info\/index.php?rest_route=\/wp\/v2\/posts\/199932\/revisions\/199934"}],"wp:featuredmedia":[{"embeddable":true,"href":"https:\/\/elluchador.info\/index.php?rest_route=\/wp\/v2\/media\/199933"}],"wp:attachment":[{"href":"https:\/\/elluchador.info\/index.php?rest_route=%2Fwp%2Fv2%2Fmedia&parent=199932"}],"wp:term":[{"taxonomy":"category","embeddable":true,"href":"https:\/\/elluchador.info\/index.php?rest_route=%2Fwp%2Fv2%2Fcategories&post=199932"},{"taxonomy":"post_tag","embeddable":true,"href":"https:\/\/elluchador.info\/index.php?rest_route=%2Fwp%2Fv2%2Ftags&post=199932"}],"curies":[{"name":"wp","href":"https:\/\/api.w.org\/{rel}","templated":true}]}}