{"id":199944,"date":"2021-10-05T19:47:17","date_gmt":"2021-10-05T23:47:17","guid":{"rendered":"https:\/\/elluchador.info\/web\/?p=199944"},"modified":"2021-10-05T19:47:18","modified_gmt":"2021-10-05T23:47:18","slug":"plataforma-de-facebook-se-vio-interrumpida-cambio-de-configuracion-defectuoso","status":"publish","type":"post","link":"https:\/\/elluchador.info\/?p=199944","title":{"rendered":"Plataforma de Facebook se vio interrumpida \u00abcambio de configuraci\u00f3n defectuoso\u00bb"},"content":{"rendered":"\n<p>Facebook indic\u00f3 la noche del lunes en un comunicado que la interrupci\u00f3n mayor de sus redes y servicios de mensajer\u00eda fue causada por un \u201ccambio de configuraci\u00f3n defectuoso\u201d\u00a0de sus servidores, que impidi\u00f3 a los usuarios acceder a la plataforma, Instagram, WhatsApp o Messenger durante unas siete horas.<\/p>\n\n\n\n<p>\u201cLas personas y empresas en el mundo dependen de nosotros para seguir conectadas\u201d,\u00a0anot\u00f3 el grupo, que hasta el momento era pr\u00e1cticamente silencioso respecto al excepcional incidente.\u00a0\u201cPresentamos nuestras disculpas a quienes resultaron afectados\u201d, agreg\u00f3 Facebook, en referencia a posiblemente miles de millones de personas en el mundo, seg\u00fan diversos expertos en ciberseguridad.<\/p>\n\n\n\n<p>El incidente, causado por un problema t\u00e9cnico, constituye\u00a0la falla \u201cm\u00e1s importante nunca antes observada\u201d por Downdetector, que monitorea los cortes online.\u00a0\u201cMiles de millones de usuarios han sido impactados por la completa ca\u00edda del servicio hoy\u201d, escribi\u00f3 el sitio.<\/p>\n\n\n\n<p><strong>Facebook se disculp\u00f3 en un tuit&nbsp;<\/strong>publicado en la noche de lunes, justo cuando la aplicaci\u00f3n comenzaba a volver en l\u00ednea.<\/p>\n\n\n\n<p>\u201cHemos estado trabajando duro para restaurar el acceso a nuestras aplicaciones y servicios y nos complace informar que ahora est\u00e1n volviendo a estar en l\u00ednea\u201d, se\u00f1al\u00f3 la firma.<\/p>\n\n\n\n<p>Pero la falla ocurre en un momento delicado para la firma de Mark Zuckerberg.<\/p>\n\n\n\n<p>La ex especialista de datos de la empresa Frances Haugen entreg\u00f3 a las autoridades y al&nbsp;<em>Wall Street Journal&nbsp;<\/em>una propia investigaci\u00f3n de Facebook que parece respaldar muchos temores y cr\u00edticas de larga data sobre la plataforma.<\/p>\n\n\n\n<h5 class=\"wp-block-heading\">UN NUEVO ESC\u00c1NDALO PARA FACEBOOK<\/h5>\n\n\n\n<p>Entre otras cosas,\u00a0los documentos determinan que Instagram es perjudicial para una parte de sus usuarios m\u00e1s j\u00f3venes y que resulta especialmente \u201ct\u00f3xico\u201d para las adolescentes,\u00a0ya que \u201cagrava\u201d los problemas que una de cada tres chicas tiene de su imagen corporal.<\/p>\n\n\n\n<p>La filtraci\u00f3n por parte de una ex empleada de varios documentos internos de Facebook a&nbsp;<em>The Wall Street<\/em>&nbsp;<em>Journal&nbsp;<\/em>desat\u00f3 el esc\u00e1ndalo para la red social, ya que revel\u00f3 que la empresa act\u00faa de una forma muy diferente al discurso que mantiene de forma oficial.<\/p>\n\n\n\n<p>Aunque la informaci\u00f3n publicada (elaborada a partir de informes y presentaciones internas y de conversaciones online entre empleados) no implica necesariamente que Facebook est\u00e9 cometiendo ninguna ilegalidad, s\u00ed muestra decisiones \u00e9ticamente reprobables y una priorizaci\u00f3n de los beneficios financieros ante cualquier reparo moral.<\/p>\n\n\n\n<p>La delatora de estas pr\u00e1cticas, una antigua empleada de la compa\u00f1\u00eda, declara precisamente este martes en el Senado de Estados Unidos.<\/p>\n\n\n\n<p>En l\u00edneas generales,\u00a0la gran conclusi\u00f3n que puede extraerse de la documentaci\u00f3n filtrada a\u00a0<em>The Wall Street Journal\u00a0<\/em>es que los directivos de Facebook saben que las plataformas de la empresa (Instagram, WhatsApp y Messenger, adem\u00e1s de la propia red social) son, en muchos casos, nocivas para los usuarios.<\/p>\n\n\n\n<p>Al margen de cualquier potencial implicaci\u00f3n legal, las revelaciones podr\u00edan pueden tener consecuencias pol\u00edticas y acelerar la regulaci\u00f3n por parte de Gobiernos en todo el mundo de los contenidos de internet y de la responsabilidad de las plataformas sociales.<\/p>\n\n\n\n<h5 class=\"wp-block-heading\"><strong>P\u00c9RDIDAS MILLONARIAS EN UN D\u00cdA NEGRO<\/strong><\/h5>\n\n\n\n<p>Como consecuencia de estos incidentes y de las informaciones del diario estadounidense, la fortuna del consejero delegado de Facebook,\u00a0Mark Zuckerberg, se vio reducida este lunes en unos 5.900 millones de d\u00f3lares.<\/p>\n\n\n\n<p>Y ello se debi\u00f3 al p\u00e9simo comportamiento de las acciones de la compa\u00f1\u00eda en Wall Street, en la que la red social cay\u00f3 cerca de un 4,9 %.<\/p>\n\n\n\n<p>Seg\u00fan cifras de Forbes, este descenso supone que la fortuna de Zuckerberg haya quedado en 117.000 millones de d\u00f3lares, lo que lo relega al sexto puesto de las personas m\u00e1s ricas del mundo.<\/p>\n\n\n\n<p><em>Bloomberg<\/em>, por su parte, calcula que el creador de Facebook acumula ahora 121.000 millones de d\u00f3lares, por lo que ser\u00eda el quinto m\u00e1s rico del planeta, por detr\u00e1s de Bill Gates.<\/p>\n\n\n\n<p>Con informaci\u00f3n de AFP y EFE<\/p>\n","protected":false},"excerpt":{"rendered":"<p>Facebook indic\u00f3 la noche del lunes en un comunicado que la interrupci\u00f3n mayor de sus redes y servicios de mensajer\u00eda fue causada por un \u201ccambio de configuraci\u00f3n defectuoso\u201d\u00a0de sus servidores, que impidi\u00f3 a los usuarios acceder a la plataforma, Instagram, WhatsApp o Messenger durante unas siete horas. \u201cLas personas y empresas en el mundo dependen [&hellip;]<\/p>\n","protected":false},"author":2,"featured_media":199945,"comment_status":"closed","ping_status":"closed","sticky":false,"template":"","format":"standard","meta":{"footnotes":""},"categories":[5,14],"tags":[],"class_list":{"0":"post-199944","1":"post","2":"type-post","3":"status-publish","4":"format-standard","5":"has-post-thumbnail","7":"category-destacado","8":"category-tecnologia"},"_links":{"self":[{"href":"https:\/\/elluchador.info\/index.php?rest_route=\/wp\/v2\/posts\/199944","targetHints":{"allow":["GET"]}}],"collection":[{"href":"https:\/\/elluchador.info\/index.php?rest_route=\/wp\/v2\/posts"}],"about":[{"href":"https:\/\/elluchador.info\/index.php?rest_route=\/wp\/v2\/types\/post"}],"author":[{"embeddable":true,"href":"https:\/\/elluchador.info\/index.php?rest_route=\/wp\/v2\/users\/2"}],"replies":[{"embeddable":true,"href":"https:\/\/elluchador.info\/index.php?rest_route=%2Fwp%2Fv2%2Fcomments&post=199944"}],"version-history":[{"count":1,"href":"https:\/\/elluchador.info\/index.php?rest_route=\/wp\/v2\/posts\/199944\/revisions"}],"predecessor-version":[{"id":199946,"href":"https:\/\/elluchador.info\/index.php?rest_route=\/wp\/v2\/posts\/199944\/revisions\/199946"}],"wp:featuredmedia":[{"embeddable":true,"href":"https:\/\/elluchador.info\/index.php?rest_route=\/wp\/v2\/media\/199945"}],"wp:attachment":[{"href":"https:\/\/elluchador.info\/index.php?rest_route=%2Fwp%2Fv2%2Fmedia&parent=199944"}],"wp:term":[{"taxonomy":"category","embeddable":true,"href":"https:\/\/elluchador.info\/index.php?rest_route=%2Fwp%2Fv2%2Fcategories&post=199944"},{"taxonomy":"post_tag","embeddable":true,"href":"https:\/\/elluchador.info\/index.php?rest_route=%2Fwp%2Fv2%2Ftags&post=199944"}],"curies":[{"name":"wp","href":"https:\/\/api.w.org\/{rel}","templated":true}]}}