{"id":199975,"date":"2021-10-06T10:08:36","date_gmt":"2021-10-06T14:08:36","guid":{"rendered":"https:\/\/elluchador.info\/web\/?p=199975"},"modified":"2021-10-06T10:08:38","modified_gmt":"2021-10-06T14:08:38","slug":"iran-y-venezuela-evaluan-incrementar-la-cooperacion-economica-bilateral","status":"publish","type":"post","link":"https:\/\/elluchador.info\/?p=199975","title":{"rendered":"Ir\u00e1n y Venezuela eval\u00faan incrementar la cooperaci\u00f3n econ\u00f3mica bilateral"},"content":{"rendered":"\n<p>El canciller de la Rep\u00fablica,\u00a0F\u00e9lix Plasencia, y su hom\u00f3logo iran\u00ed,\u00a0Hosein Amir Abdolahian,\u00a0destacaron la necesidad de dar seguimiento a los acuerdos alcanzados y elaborar una hoja de ruta para incrementar la\u00a0cooperaci\u00f3n\u00a0econ\u00f3mica bilateral.<\/p>\n\n\n\n<p>Asimismo, a trav\u00e9s de una llamada telef\u00f3nica ambos diplom\u00e1ticos acordaron ultimar los detalles de los proyectos econ\u00f3micos durante la pr\u00f3xima visita del canciller venezolano a Teher\u00e1n, rese\u00f1\u00f3 la Agencia de Noticias de la Rep\u00fablica Isl\u00e1mica (IRNA).<\/p>\n\n\n\n<p>De igual modo, los cancilleres intercambiaron puntos de vista sobre la situaci\u00f3n actual y la cooperaci\u00f3n bilateral entre ambas rep\u00fablicas.<\/p>\n\n\n\n<p>El 9 de agosto del a\u00f1o en curso, el vicepresidente Sectorial de Planificaci\u00f3n, Ricardo Men\u00e9ndez, y el embajador de la Rep\u00fablica Isl\u00e1mica de Ir\u00e1n en Venezuela, Hojjatollah Soltani, sostuvieron un encuentro con el fin de avanzar en las relaciones bilaterales en materia del desarrollo para la ciencia y la tecnolog\u00eda vinculada a la producci\u00f3n.\u00a0<\/p>\n\n\n\n<p><strong>\u00daltimas Noticias<\/strong><\/p>\n","protected":false},"excerpt":{"rendered":"<p>El canciller de la Rep\u00fablica,\u00a0F\u00e9lix Plasencia, y su hom\u00f3logo iran\u00ed,\u00a0Hosein Amir Abdolahian,\u00a0destacaron la necesidad de dar seguimiento a los acuerdos alcanzados y elaborar una hoja de ruta para incrementar la\u00a0cooperaci\u00f3n\u00a0econ\u00f3mica bilateral. Asimismo, a trav\u00e9s de una llamada telef\u00f3nica ambos diplom\u00e1ticos acordaron ultimar los detalles de los proyectos econ\u00f3micos durante la pr\u00f3xima visita del canciller venezolano [&hellip;]<\/p>\n","protected":false},"author":2,"featured_media":199976,"comment_status":"closed","ping_status":"closed","sticky":false,"template":"","format":"standard","meta":{"footnotes":""},"categories":[5,6],"tags":[],"class_list":{"0":"post-199975","1":"post","2":"type-post","3":"status-publish","4":"format-standard","5":"has-post-thumbnail","7":"category-destacado","8":"category-economia"},"_links":{"self":[{"href":"https:\/\/elluchador.info\/index.php?rest_route=\/wp\/v2\/posts\/199975","targetHints":{"allow":["GET"]}}],"collection":[{"href":"https:\/\/elluchador.info\/index.php?rest_route=\/wp\/v2\/posts"}],"about":[{"href":"https:\/\/elluchador.info\/index.php?rest_route=\/wp\/v2\/types\/post"}],"author":[{"embeddable":true,"href":"https:\/\/elluchador.info\/index.php?rest_route=\/wp\/v2\/users\/2"}],"replies":[{"embeddable":true,"href":"https:\/\/elluchador.info\/index.php?rest_route=%2Fwp%2Fv2%2Fcomments&post=199975"}],"version-history":[{"count":1,"href":"https:\/\/elluchador.info\/index.php?rest_route=\/wp\/v2\/posts\/199975\/revisions"}],"predecessor-version":[{"id":199977,"href":"https:\/\/elluchador.info\/index.php?rest_route=\/wp\/v2\/posts\/199975\/revisions\/199977"}],"wp:featuredmedia":[{"embeddable":true,"href":"https:\/\/elluchador.info\/index.php?rest_route=\/wp\/v2\/media\/199976"}],"wp:attachment":[{"href":"https:\/\/elluchador.info\/index.php?rest_route=%2Fwp%2Fv2%2Fmedia&parent=199975"}],"wp:term":[{"taxonomy":"category","embeddable":true,"href":"https:\/\/elluchador.info\/index.php?rest_route=%2Fwp%2Fv2%2Fcategories&post=199975"},{"taxonomy":"post_tag","embeddable":true,"href":"https:\/\/elluchador.info\/index.php?rest_route=%2Fwp%2Fv2%2Ftags&post=199975"}],"curies":[{"name":"wp","href":"https:\/\/api.w.org\/{rel}","templated":true}]}}