{"id":199978,"date":"2021-10-06T10:15:41","date_gmt":"2021-10-06T14:15:41","guid":{"rendered":"https:\/\/elluchador.info\/web\/?p=199978"},"modified":"2021-10-06T10:16:36","modified_gmt":"2021-10-06T14:16:36","slug":"vuelta-a-la-patria-retorno-a-200-venezolanos-desde-chile-este-martes-fotos","status":"publish","type":"post","link":"https:\/\/elluchador.info\/?p=199978","title":{"rendered":"Vuelta a la Patria retorn\u00f3 a 200 venezolanos desde Chile este martes (+Fotos)"},"content":{"rendered":"\n<p>Este martes retornaron al pa\u00eds 200 connacionales procedentes de Chile, mediante el programa Vuelta a la Patria, impulsado por el Gobierno del presidente Nicol\u00e1s Maduro.<\/p>\n\n\n\n<p>La repatriaci\u00f3n de este grupo ocurre d\u00edas despu\u00e9s de que migrantes venezolanos sufrieron actos de xenofobia en la ciudad chilena de Iquique, ubicada en el extremo norte de Chile.<\/p>\n\n\n\n<p>Con la llegada de estos venezolanos en horas de la madrugada al aeropuerto Sim\u00f3n Bol\u00edvar, estado La Guaira, en vuelo de Conviasa, se eleva a 26.733 el n\u00famero de connacionales repatriados procedentes de19 pa\u00edses en un total de 152 vuelos y un traslado mar\u00edtimo.<\/p>\n\n\n\n<p>El canciller de la Rep\u00fablica, Felix Plasencia, en su cuenta oficial de la red social Twitter @PlasenciaFelix, escribi\u00f3: \u201d Venezuela toda los recibe con los brazos abiertos. El Plan Vuelta a la Patria, una iniciativa del Presidente @NicolasMaduro, es humanismo puro, solidaridad y amor patrio en su m\u00e1xima expresi\u00f3n iBienvenidos y bienvenidas siempre a su casa, a la Venezuela Bolivariana!\u201d.<\/p>\n\n\n\n<figure class=\"wp-block-embed is-type-rich is-provider-twitter wp-block-embed-twitter\"><div class=\"wp-block-embed__wrapper\">\n<blockquote class=\"twitter-tweet\" data-width=\"550\" data-dnt=\"true\"><p lang=\"es\" dir=\"ltr\">Venezuela toda los recibe con los brazos abiertos. El Plan Vuelta a la Patria, una iniciativa del Presidente <a href=\"https:\/\/twitter.com\/NicolasMaduro?ref_src=twsrc%5Etfw\">@NicolasMaduro<\/a>, es humanismo puro, solidaridad y amor patrio en su m\u00e1xima expresi\u00f3n iBienvenidos y bienvenidas siempre a su casa, a la Venezuela Bolivariana! <a href=\"https:\/\/twitter.com\/hashtag\/5Oct?src=hash&amp;ref_src=twsrc%5Etfw\">#5Oct<\/a> <a href=\"https:\/\/t.co\/QzM2Pq4H4f\">https:\/\/t.co\/QzM2Pq4H4f<\/a> <a href=\"https:\/\/t.co\/jJGdO4rESo\">pic.twitter.com\/jJGdO4rESo<\/a><\/p>&mdash; Felix Plasencia (@plasenciafelixr) <a href=\"https:\/\/twitter.com\/plasenciafelixr\/status\/1445385971252531200?ref_src=twsrc%5Etfw\">October 5, 2021<\/a><\/blockquote><script async src=\"https:\/\/platform.twitter.com\/widgets.js\" charset=\"utf-8\"><\/script>\n<\/div><\/figure>\n\n\n\n<p>El Jefe de la diplomacia venezolana poste\u00f3 en su tuit una informaci\u00f3n publicada en el portal web del Ministerio del Poder Popular para Relaciones Exteriores, que destaca que a su llegada a suelo patrio los venezolanos desbordaron los pasillos con l\u00e1grimas, emociones y sentimientos encontrados.<\/p>\n\n\n\n<p>El ciudadano Leidiner Ferrero, tras volver a su pa\u00eds coment\u00f3: \u201c\u00a1Siento una alegr\u00eda, una emoci\u00f3n! y ganas de llorar porque voy a ver a mis hijos luego de nueve meses\u201d.<\/p>\n\n\n\n<p>En otro tuit, horas antes, el canciller Plasencia anunciaba el retorno de estos 200 compatriotas a territorio venezolano, gracias al Plan Vuelta a la Patria y a las pol\u00edticas emprendidas por el Jefe de Estado, Nicol\u00e1s Maduro.<\/p>\n\n\n\n<figure class=\"wp-block-embed is-type-rich is-provider-twitter wp-block-embed-twitter\"><div class=\"wp-block-embed__wrapper\">\n<blockquote class=\"twitter-tweet\" data-width=\"550\" data-dnt=\"true\"><p lang=\"es\" dir=\"ltr\">Hoy retornan desde Chile 200 connacionales a territorio venezolano, gracias al Programa Vuelta a la Patria. Venezuela le da la bienvenida con los brazos abiertos a sus hijos e hijas. iMisi\u00f3n cumplida Presidente <a href=\"https:\/\/twitter.com\/NicolasMaduro?ref_src=twsrc%5Etfw\">@NicolasMaduro<\/a>! iVenceremos! <a href=\"https:\/\/twitter.com\/hashtag\/4Oct?src=hash&amp;ref_src=twsrc%5Etfw\">#4Oct<\/a> <a href=\"https:\/\/t.co\/DZHP8hMmXg\">pic.twitter.com\/DZHP8hMmXg<\/a><\/p>&mdash; Felix Plasencia (@plasenciafelixr) <a href=\"https:\/\/twitter.com\/plasenciafelixr\/status\/1445229611852476416?ref_src=twsrc%5Etfw\">October 5, 2021<\/a><\/blockquote><script async src=\"https:\/\/platform.twitter.com\/widgets.js\" charset=\"utf-8\"><\/script>\n<\/div><\/figure>\n\n\n\n<p>Hasta la fecha, el Plan Vuelta a la Patria acumula el regreso de 26.733 connacionales, provenientes de 19 pa\u00edses tales como Argentina (1.156); Belar\u00fas (37); Bonaire (6); Brasil (7.285); Chile (2.662); China (14); Colombia (764); Cuba (209); Ecuador (5.080); Espa\u00f1a (329); Italia (404); Martinica (8); M\u00e9xico (123); Panam\u00e1 (552); Per\u00fa (6.590); Rep\u00fablica Dominicana (535); San Vicente y Las Granadinas (3); Trinidad y Tobago (833) y Uruguay (143). En total han sido 152 vuelos y un traslado mar\u00edtimo.<\/p>\n\n\n\n<figure class=\"wp-block-embed is-type-rich is-provider-twitter wp-block-embed-twitter\"><div class=\"wp-block-embed__wrapper\">\n<blockquote class=\"twitter-tweet\" data-width=\"550\" data-dnt=\"true\"><p lang=\"es\" dir=\"ltr\"><a href=\"https:\/\/twitter.com\/hashtag\/5Oct?src=hash&amp;ref_src=twsrc%5Etfw\">#5Oct<\/a> Nuestro Airbus 340 arrib\u00f3 la madrugada de este martes 05 de octubre al Aeropuerto de Maiquet\u00eda proveniente de Chile, con 200 connacionales. <a href=\"https:\/\/t.co\/7GHY5y6DyZ\">pic.twitter.com\/7GHY5y6DyZ<\/a><\/p>&mdash; L\u00ednea A\u00e9rea Conviasa (@LAConviasa) <a href=\"https:\/\/twitter.com\/LAConviasa\/status\/1445370015105044480?ref_src=twsrc%5Etfw\">October 5, 2021<\/a><\/blockquote><script async src=\"https:\/\/platform.twitter.com\/widgets.js\" charset=\"utf-8\"><\/script>\n<\/div><\/figure>\n\n\n\n<p>Este programa contempla un amplio esfuerzo log\u00edstico, diplom\u00e1tico y econ\u00f3mico por parte del Gobierno Bolivariano para efectuar el retorno de manera segura y gratuita.<\/p>\n\n\n\n<p>En esta oportunidad, desde el Aeropuerto Internacional Arturo Merino Ben\u00edtez, los 200 venezolanos estuvieron acompa\u00f1ados por el embajador venezolano Ar\u00e9valo M\u00e9ndez y el viceministro para Am\u00e9rica Latina, Rander Pe\u00f1a, quien comparti\u00f3 con los connacionales algunas reflexiones.<\/p>\n\n\n\n<p>\u201cHoy es un d\u00eda importante para Am\u00e9rica Latina, en lo cultural, en lo simb\u00f3lico. Conmemoramos el natalicio de la chilena Violeta Parra, y recordamos ese pasaje de P\u00e9rez Bonalde, creador del Vuelta a la Patria, en el que dice \u2018Madre aqu\u00ed estoy, vengo de mi destierro, vengo a darte lo que no te he podido dar, un abrazo, Caracas, all\u00e1 estas\u201d, se\u00f1al\u00f3 el Viceministro tras declamar el \u201cpasaje que reivindica lo que estamos viviendo\u201d.<\/p>\n\n\n\n<p><strong>\u00daltimas Noticias<\/strong><\/p>\n","protected":false},"excerpt":{"rendered":"<p>Este martes retornaron al pa\u00eds 200 connacionales procedentes de Chile, mediante el programa Vuelta a la Patria, impulsado por el Gobierno del presidente Nicol\u00e1s Maduro. La repatriaci\u00f3n de este grupo ocurre d\u00edas despu\u00e9s de que migrantes venezolanos sufrieron actos de xenofobia en la ciudad chilena de Iquique, ubicada en el extremo norte de Chile. Con [&hellip;]<\/p>\n","protected":false},"author":2,"featured_media":199979,"comment_status":"closed","ping_status":"closed","sticky":false,"template":"","format":"standard","meta":{"footnotes":""},"categories":[5,9],"tags":[],"class_list":{"0":"post-199978","1":"post","2":"type-post","3":"status-publish","4":"format-standard","5":"has-post-thumbnail","7":"category-destacado","8":"category-nacionales"},"_links":{"self":[{"href":"https:\/\/elluchador.info\/index.php?rest_route=\/wp\/v2\/posts\/199978","targetHints":{"allow":["GET"]}}],"collection":[{"href":"https:\/\/elluchador.info\/index.php?rest_route=\/wp\/v2\/posts"}],"about":[{"href":"https:\/\/elluchador.info\/index.php?rest_route=\/wp\/v2\/types\/post"}],"author":[{"embeddable":true,"href":"https:\/\/elluchador.info\/index.php?rest_route=\/wp\/v2\/users\/2"}],"replies":[{"embeddable":true,"href":"https:\/\/elluchador.info\/index.php?rest_route=%2Fwp%2Fv2%2Fcomments&post=199978"}],"version-history":[{"count":2,"href":"https:\/\/elluchador.info\/index.php?rest_route=\/wp\/v2\/posts\/199978\/revisions"}],"predecessor-version":[{"id":199981,"href":"https:\/\/elluchador.info\/index.php?rest_route=\/wp\/v2\/posts\/199978\/revisions\/199981"}],"wp:featuredmedia":[{"embeddable":true,"href":"https:\/\/elluchador.info\/index.php?rest_route=\/wp\/v2\/media\/199979"}],"wp:attachment":[{"href":"https:\/\/elluchador.info\/index.php?rest_route=%2Fwp%2Fv2%2Fmedia&parent=199978"}],"wp:term":[{"taxonomy":"category","embeddable":true,"href":"https:\/\/elluchador.info\/index.php?rest_route=%2Fwp%2Fv2%2Fcategories&post=199978"},{"taxonomy":"post_tag","embeddable":true,"href":"https:\/\/elluchador.info\/index.php?rest_route=%2Fwp%2Fv2%2Ftags&post=199978"}],"curies":[{"name":"wp","href":"https:\/\/api.w.org\/{rel}","templated":true}]}}