{"id":200003,"date":"2021-10-06T17:38:38","date_gmt":"2021-10-06T21:38:38","guid":{"rendered":"https:\/\/elluchador.info\/web\/?p=200003"},"modified":"2021-10-06T17:38:40","modified_gmt":"2021-10-06T21:38:40","slug":"uneg-establece-plan-para-garantizar-funcionamiento-academico-en-retorno-a-clases","status":"publish","type":"post","link":"https:\/\/elluchador.info\/?p=200003","title":{"rendered":"Uneg establece plan para garantizar funcionamiento acad\u00e9mico en retorno a clases"},"content":{"rendered":"\n<p>Tras las expectativas generadas por los recientes anuncios del retorno a clases presenciales el Consejo Universitario de la UNEG informo que est\u00e1 a la espera de las respuestas de parte del Ministerio del Poder Popular para la Educaci\u00f3n Universitaria (MPPEU), en cuanto a un conjunto de&nbsp; solicitudes y requerimientos para llevar a cabo reparaciones y mantenimiento de espacios f\u00edsicos, adecuaci\u00f3n y puesta en funcionamiento de la plataforma inform\u00e1tica necesaria, poder disponer del transporte universitario para la movilizaci\u00f3n de trabajadores y estudiantes, y tambi\u00e9n contar con el resto de los servicios propios y necesarios para el funcionamiento de la universidad; condiciones todas estas, que junto con la atenci\u00f3n a las necesidades socioecon\u00f3micas b\u00e1sicas de todos los trabajadores (obreros, administrativos y docentes), son indispensables que se cubran adecuadamente para poder realizar un llamado efectivo a la presencialidad acad\u00e9mica.<\/p>\n\n\n\n<p>Por tanto, fueron giradas instrucciones a las unidades acad\u00e9micas para continuar con el desarrollo de sus actividades utilizando los medios virtuales de ense\u00f1anza. Por su parte, el personal administrativo y obrero continuar\u00e1 sus actividades en estricta coordinaci\u00f3n de sus jefes y supervisores inmediatos.<\/p>\n\n\n\n<p>Pese a la situaci\u00f3n expuesta, la Coordinaci\u00f3n General de Pregrado llev\u00f3 a cabo una reuni\u00f3n con todos los coordinadores acad\u00e9micos para la elaboraci\u00f3n de un Plan para garantizar el funcionamiento acad\u00e9mico de los distintos proyectos de carreras de cada una de las sedes UNEG ante un inminente regreso a clases para el periodo 2021-II, considerando, la distribuci\u00f3n de aulas disponibles por carrera, la ubicaci\u00f3n temporal de oficinas para los coordinadores, establecimiento de nuevos horarios de clases, distribuci\u00f3n de mobiliario y alumnos en aulas, protocolos de bioseguridad antes, durante y despu\u00e9s de las sesiones de clases, establecimiento de n\u00famero de encuentros presenciales m\u00ednimos de acuerdo a unidades curriculares, programaci\u00f3n de actividades de orientaci\u00f3n y actividades virtuales.<\/p>\n\n\n\n<p>\u00a0Durante esta reuni\u00f3n la Dra. Holanda Garc\u00eda-Coordinadora General de Pregrado, destac\u00f3, que el Plan presentado busca garantizar un retorno progresivo a las clases presenciales, d\u00e1ndole principal atenci\u00f3n a\u00a0 las unidades curriculares que requieran encuentros presenciales, motivado a la situaci\u00f3n pandemia estamos obligados a reordenar los recursos con los cuales contamos para poder mantener a la academia funcionando, los coordinadores de carrera ya est\u00e1n trabajando en la construcci\u00f3n de sus planificaciones y est\u00e1n contactando a los docentes dispuestos para abordar este nuevo reto, finalmente Garc\u00eda expres\u00f3, que los encuentros presenciales ser\u00e1n solo en semanas flexibles, el resto de las semanas se utilizara los medios virtuales, con esta estrategia se estar\u00eda cubriendo 8 semanas de las 14 disponibles para cumplir con la programaci\u00f3n\u00a0 acad\u00e9mica de cada docente en el semestre 2021-II. <\/p>\n\n\n\n<p>Prensa Uneg <\/p>\n","protected":false},"excerpt":{"rendered":"<p>Tras las expectativas generadas por los recientes anuncios del retorno a clases presenciales el Consejo Universitario de la UNEG informo que est\u00e1 a la espera de las respuestas de parte del Ministerio del Poder Popular para la Educaci\u00f3n Universitaria (MPPEU), en cuanto a un conjunto de&nbsp; solicitudes y requerimientos para llevar a cabo reparaciones y [&hellip;]<\/p>\n","protected":false},"author":2,"featured_media":195215,"comment_status":"closed","ping_status":"closed","sticky":false,"template":"","format":"standard","meta":{"footnotes":""},"categories":[5,12],"tags":[],"class_list":{"0":"post-200003","1":"post","2":"type-post","3":"status-publish","4":"format-standard","5":"has-post-thumbnail","7":"category-destacado","8":"category-regionales"},"_links":{"self":[{"href":"https:\/\/elluchador.info\/index.php?rest_route=\/wp\/v2\/posts\/200003","targetHints":{"allow":["GET"]}}],"collection":[{"href":"https:\/\/elluchador.info\/index.php?rest_route=\/wp\/v2\/posts"}],"about":[{"href":"https:\/\/elluchador.info\/index.php?rest_route=\/wp\/v2\/types\/post"}],"author":[{"embeddable":true,"href":"https:\/\/elluchador.info\/index.php?rest_route=\/wp\/v2\/users\/2"}],"replies":[{"embeddable":true,"href":"https:\/\/elluchador.info\/index.php?rest_route=%2Fwp%2Fv2%2Fcomments&post=200003"}],"version-history":[{"count":1,"href":"https:\/\/elluchador.info\/index.php?rest_route=\/wp\/v2\/posts\/200003\/revisions"}],"predecessor-version":[{"id":200004,"href":"https:\/\/elluchador.info\/index.php?rest_route=\/wp\/v2\/posts\/200003\/revisions\/200004"}],"wp:featuredmedia":[{"embeddable":true,"href":"https:\/\/elluchador.info\/index.php?rest_route=\/wp\/v2\/media\/195215"}],"wp:attachment":[{"href":"https:\/\/elluchador.info\/index.php?rest_route=%2Fwp%2Fv2%2Fmedia&parent=200003"}],"wp:term":[{"taxonomy":"category","embeddable":true,"href":"https:\/\/elluchador.info\/index.php?rest_route=%2Fwp%2Fv2%2Fcategories&post=200003"},{"taxonomy":"post_tag","embeddable":true,"href":"https:\/\/elluchador.info\/index.php?rest_route=%2Fwp%2Fv2%2Ftags&post=200003"}],"curies":[{"name":"wp","href":"https:\/\/api.w.org\/{rel}","templated":true}]}}