{"id":200005,"date":"2021-10-06T17:48:25","date_gmt":"2021-10-06T21:48:25","guid":{"rendered":"https:\/\/elluchador.info\/web\/?p=200005"},"modified":"2021-10-06T17:48:26","modified_gmt":"2021-10-06T21:48:26","slug":"en-ciudad-bolivar-sector-1-del-peru-se-quedo-sin-agua","status":"publish","type":"post","link":"https:\/\/elluchador.info\/?p=200005","title":{"rendered":"En Ciudad Bol\u00edvar, sector 1 del Per\u00fa se qued\u00f3 sin agua"},"content":{"rendered":"\n<p>En un calvario constante viven los habitantes del sector 1 del Per\u00fa, con la escasez de agua potable que existe en esa zona urbana, ya que no son d\u00edas, ni meses, son a\u00f1os los que ya han pasado sin tener el agua por tuber\u00eda, problem\u00e1tica que les aqueja con esta situaci\u00f3n del servicio b\u00e1sico y p\u00fablico, y que a\u00fan siguen viviendo a diario. Tienen que comprar a los sistemas para poder contar con agua potable en sus hogares.\u00a0<\/p>\n\n\n\n<p><br>Tomasa Torres habitante del sector  \u00abUnido a la crisis del pa\u00eds, la problem\u00e1tica que yo considero mayor y que es m\u00e1s persiste en el sector, es el problema del agua, llevamos m\u00e1s de dos a\u00f1os sin agua.\u00bb asegur\u00f3. <\/p>\n\n\n\n<p>\u00abEn v\u00edsperas de procesos electorales es que llega el agua unos d\u00edas y despu\u00e9s de all\u00ed brilla por su ausencia, pero ahorita estamos sin agua por las tuber\u00edas, nosotros subsistimos porque hay un vecino que vive m\u00e1s abajo, y \u00e9l tiene un pozo de agua, y pega una manguera y nos pasa agua a nuestras casas, y tenemos que darle una ayuda econ\u00f3mica, para ayudarnos mutuamente. dijo Torres. <\/p>\n\n\n\n<p><br> Jos\u00e9 Andrade  tambi\u00e9n habitante de la comunidad expres\u00f3 que\u00bbAqu\u00ed en el sector son m\u00e1s de cinco a\u00f1os sin agua, es una problem\u00e1tica fuerte que nos est\u00e1 afectando a todos los vecinos del sector, ni una gota de agua por tuber\u00eda, siendo un servicio que deber\u00edamos tenerlo garantizado. Nos vemos en la necesidad de comprar agua, cuando de vez en cuando pasa un cami\u00f3n tipo cisterna, y es dif\u00edcil vivir en esas condiciones,\u00a0 sabiendo que el agua potable es un recurso indispensable para todos\u00bb.\u00a0<\/p>\n\n\n\n<figure class=\"wp-block-image size-large\"><img loading=\"lazy\" decoding=\"async\" width=\"1443\" height=\"2560\" src=\"https:\/\/elluchador.info\/web\/wp-content\/uploads\/2021\/10\/Jose-Andrade-Ni-una-gota-de-agua-tenemos-por-tuberia-scaled.jpg\" alt=\"\" class=\"wp-image-200006\" srcset=\"https:\/\/elluchador.info\/wp-content\/uploads\/2021\/10\/Jose-Andrade-Ni-una-gota-de-agua-tenemos-por-tuberia-scaled.jpg 1443w, https:\/\/elluchador.info\/wp-content\/uploads\/2021\/10\/Jose-Andrade-Ni-una-gota-de-agua-tenemos-por-tuberia-169x300.jpg 169w, https:\/\/elluchador.info\/wp-content\/uploads\/2021\/10\/Jose-Andrade-Ni-una-gota-de-agua-tenemos-por-tuberia-577x1024.jpg 577w, https:\/\/elluchador.info\/wp-content\/uploads\/2021\/10\/Jose-Andrade-Ni-una-gota-de-agua-tenemos-por-tuberia-768x1362.jpg 768w, https:\/\/elluchador.info\/wp-content\/uploads\/2021\/10\/Jose-Andrade-Ni-una-gota-de-agua-tenemos-por-tuberia-866x1536.jpg 866w, https:\/\/elluchador.info\/wp-content\/uploads\/2021\/10\/Jose-Andrade-Ni-una-gota-de-agua-tenemos-por-tuberia-1155x2048.jpg 1155w, https:\/\/elluchador.info\/wp-content\/uploads\/2021\/10\/Jose-Andrade-Ni-una-gota-de-agua-tenemos-por-tuberia-237x420.jpg 237w, https:\/\/elluchador.info\/wp-content\/uploads\/2021\/10\/Jose-Andrade-Ni-una-gota-de-agua-tenemos-por-tuberia-640x1135.jpg 640w, https:\/\/elluchador.info\/wp-content\/uploads\/2021\/10\/Jose-Andrade-Ni-una-gota-de-agua-tenemos-por-tuberia-681x1208.jpg 681w\" sizes=\"auto, (max-width: 1443px) 100vw, 1443px\" \/><figcaption>dav<\/figcaption><\/figure>\n\n\n\n<p><br>Por su parte Lorenza Rangel vecina dijo \u00abSon muchos a\u00f1os sin que nos llega un poquito de agua por la tuber\u00eda, para poder tener agua potable, aqu\u00ed hay que comprar varios d\u00edas de la semana. Esto es una problem\u00e1tica que todos los vecinos del sector 1 del Per\u00fa y zonas aleda\u00f1as, estamos padeciendo hace m\u00e1s de tres a\u00f1os\u00bb .\u00a0<\/p>\n\n\n\n<p>Yanitza Mart\u00ednez CNP 19.403\u00a0<\/p>\n","protected":false},"excerpt":{"rendered":"<p>En un calvario constante viven los habitantes del sector 1 del Per\u00fa, con la escasez de agua potable que existe en esa zona urbana, ya que no son d\u00edas, ni meses, son a\u00f1os los que ya han pasado sin tener el agua por tuber\u00eda, problem\u00e1tica que les aqueja con esta situaci\u00f3n del servicio b\u00e1sico y [&hellip;]<\/p>\n","protected":false},"author":2,"featured_media":200007,"comment_status":"closed","ping_status":"closed","sticky":false,"template":"","format":"standard","meta":{"footnotes":""},"categories":[5,12],"tags":[],"class_list":{"0":"post-200005","1":"post","2":"type-post","3":"status-publish","4":"format-standard","5":"has-post-thumbnail","7":"category-destacado","8":"category-regionales"},"_links":{"self":[{"href":"https:\/\/elluchador.info\/index.php?rest_route=\/wp\/v2\/posts\/200005","targetHints":{"allow":["GET"]}}],"collection":[{"href":"https:\/\/elluchador.info\/index.php?rest_route=\/wp\/v2\/posts"}],"about":[{"href":"https:\/\/elluchador.info\/index.php?rest_route=\/wp\/v2\/types\/post"}],"author":[{"embeddable":true,"href":"https:\/\/elluchador.info\/index.php?rest_route=\/wp\/v2\/users\/2"}],"replies":[{"embeddable":true,"href":"https:\/\/elluchador.info\/index.php?rest_route=%2Fwp%2Fv2%2Fcomments&post=200005"}],"version-history":[{"count":1,"href":"https:\/\/elluchador.info\/index.php?rest_route=\/wp\/v2\/posts\/200005\/revisions"}],"predecessor-version":[{"id":200008,"href":"https:\/\/elluchador.info\/index.php?rest_route=\/wp\/v2\/posts\/200005\/revisions\/200008"}],"wp:featuredmedia":[{"embeddable":true,"href":"https:\/\/elluchador.info\/index.php?rest_route=\/wp\/v2\/media\/200007"}],"wp:attachment":[{"href":"https:\/\/elluchador.info\/index.php?rest_route=%2Fwp%2Fv2%2Fmedia&parent=200005"}],"wp:term":[{"taxonomy":"category","embeddable":true,"href":"https:\/\/elluchador.info\/index.php?rest_route=%2Fwp%2Fv2%2Fcategories&post=200005"},{"taxonomy":"post_tag","embeddable":true,"href":"https:\/\/elluchador.info\/index.php?rest_route=%2Fwp%2Fv2%2Ftags&post=200005"}],"curies":[{"name":"wp","href":"https:\/\/api.w.org\/{rel}","templated":true}]}}