{"id":200016,"date":"2021-10-06T21:20:37","date_gmt":"2021-10-07T01:20:37","guid":{"rendered":"https:\/\/elluchador.info\/web\/?p=200016"},"modified":"2021-10-06T21:20:38","modified_gmt":"2021-10-07T01:20:38","slug":"minec-bolivar-y-cvg-impulsan-acuerdos-de-produccion-y-proteccion-ambiental","status":"publish","type":"post","link":"https:\/\/elluchador.info\/?p=200016","title":{"rendered":"Minec Bol\u00edvar y CVG impulsan acuerdos de producci\u00f3n y protecci\u00f3n ambiental"},"content":{"rendered":"\n<p>Jessiel Gasc\u00f3n, director regional del Ministerio del poder popular para Ecosocialismo (Minec Bol\u00edvar), sostuvo un encuentro con el presidente de la Corporaci\u00f3n Venezolana de Guayana (CVG), Pedro Maldonado, a la que tambi\u00e9n asistieron presidentes y autoridades de CVG Venalum, Bauxilum y Carbonorca.<\/p>\n\n\n\n<p>El encuentro tuvo como premisa estrechar lazos de producci\u00f3n y desarrollo econ\u00f3mico de la regi\u00f3n, en perfecta armon\u00eda con el medio ambiente, su cuidado y protecci\u00f3n. Durante la reuni\u00f3n se toc\u00f3 el tema de la Productora de Bauxita Sinterizada (Probasin), ubicada en la zona industrial Matanzas en el municipio Caron\u00ed, dedicada a la calcinaci\u00f3n y producci\u00f3n de coque.<\/p>\n\n\n\n<p>Personal t\u00e9cnico, ingenieros y especialistas de Minec Bol\u00edvar y CVG, unieron conocimientos para hacer aportes que permitan la disminuci\u00f3n de gases y olores, que han representado alguna molestia para familias que habitan en sectores de la parroquia Unare.<\/p>\n\n\n\n<p>\u201cEn esta reuni\u00f3n que tuvo como objetivo sentar el compromiso del ministro Josu\u00e9 Lorca con el desarrollo econ\u00f3mico del estado Bol\u00edvar y del pa\u00eds, evaluamos todos los escenarios ambientales y de resguardo de nuestra madre tierra, para garantizar un trabajo arm\u00f3nico entre el personal que labora en nuestras industrias y la naturaleza. Refiri\u00f3, Jessiel Gasc\u00f3n, director regional de Minec Bol\u00edvar.<\/p>\n\n\n\n<p><strong>Inspecci\u00f3n y recorrido<\/strong><\/p>\n\n\n\n<p>Este mi\u00e9rcoles se llev\u00f3 a cabo un recorrido por la planta, en la que participaron ingenieros, jefes de \u00e1rea y personal Minec Bol\u00edvar, acompa\u00f1ado de gerentes de operaciones e ingenieros de la Productora de Bauxita Sinterizada (Probasin), para evaluar su proceso de producci\u00f3n y plantear herramientas para generar el menor impacto ambiental posible.<\/p>\n\n\n\n<p>Durante la inspecci\u00f3n en la planta los ingenieros; Germ\u00e1n Gruber y Eunice Carpintero de Minec Bol\u00edvar, estuvieron al frente de la explicaci\u00f3n con el gerente de operaciones de la empresa, ingeniero Leonardo Mart\u00ednez, y Jes\u00fas Rincones, a cargo de las operaciones.<\/p>\n\n\n\n<p>\u201cRecibimos de parte de los ingenieros de la planta, toda la informaci\u00f3n necesaria del proceso productivo de esa empresa, dedicada a la calcinaci\u00f3n de coque. Nos indicaron que tiene dos meses en operaciones y que est\u00e1 en un periodo de pruebas\u201d. Detall\u00f3 el ingeniero Germ\u00e1n Gruber, de Minec Bol\u00edvar.<\/p>\n\n\n\n<p>En la conversaci\u00f3n los ingenieros de Probasin afirmaron que han hecho la prueba de equipos calcinadores, enfriadores y que se est\u00e1n adecuando con la tecnolog\u00eda necesaria, para tratar de corregir las emisiones de olores que llegan a algunos sectores de Ciudad Guayana, y que han generado ciertas molestias.<\/p>\n\n\n\n<p><strong>Producci\u00f3n en marcha<\/strong><\/p>\n\n\n\n<p>El director de Minec Bol\u00edvar, Jessiel Gasc\u00f3n, ratific\u00f3 el compromiso del ministro Josu\u00e9 Lorca con el desarrollo industrial y econ\u00f3mico del pa\u00eds, dijo que de la mano con el presidente de CVG, Pedro Maldonado, trabajar\u00e1n en equipo para brindar la adecuaci\u00f3n ambiental necesaria en cada empresa.<\/p>\n\n\n\n<p>Detall\u00f3 que en las pr\u00f3ximas semanas esta planta llevar\u00e1 a cabo un cronograma de Protecci\u00f3n ambiental, que ser\u00e1 evaluado por especialistas de Minec para realizar aportes t\u00e9cnicos.<\/p>\n\n\n\n<p>\u201cGracias al presidente de CVG y a los representantes de sus empresas tuteladas, por mostrar disposici\u00f3n de estar en armon\u00eda con el medio ambiente y por trabajar arduamente para garantizar el desarrollo econ\u00f3mico de nuestro estado Bol\u00edvar y sobre todo de Venezuela.<\/p>\n\n\n\n<p>Sigamos avanzando para impulsar el motor econ\u00f3mico nacional, desde Guayana nosotros continuaremos velando por el bienestar de la naturaleza y por la participaci\u00f3n en cada uno de los procesos productivos de las industrias b\u00e1sicas\u201d.<\/p>\n\n\n\n<p><strong>Prensa Minec Bol\u00edvar<\/strong><\/p>\n","protected":false},"excerpt":{"rendered":"<p>Jessiel Gasc\u00f3n, director regional del Ministerio del poder popular para Ecosocialismo (Minec Bol\u00edvar), sostuvo un encuentro con el presidente de la Corporaci\u00f3n Venezolana de Guayana (CVG), Pedro Maldonado, a la que tambi\u00e9n asistieron presidentes y autoridades de CVG Venalum, Bauxilum y Carbonorca. El encuentro tuvo como premisa estrechar lazos de producci\u00f3n y desarrollo econ\u00f3mico de [&hellip;]<\/p>\n","protected":false},"author":2,"featured_media":200017,"comment_status":"closed","ping_status":"closed","sticky":false,"template":"","format":"standard","meta":{"footnotes":""},"categories":[5,12],"tags":[],"class_list":{"0":"post-200016","1":"post","2":"type-post","3":"status-publish","4":"format-standard","5":"has-post-thumbnail","7":"category-destacado","8":"category-regionales"},"_links":{"self":[{"href":"https:\/\/elluchador.info\/index.php?rest_route=\/wp\/v2\/posts\/200016","targetHints":{"allow":["GET"]}}],"collection":[{"href":"https:\/\/elluchador.info\/index.php?rest_route=\/wp\/v2\/posts"}],"about":[{"href":"https:\/\/elluchador.info\/index.php?rest_route=\/wp\/v2\/types\/post"}],"author":[{"embeddable":true,"href":"https:\/\/elluchador.info\/index.php?rest_route=\/wp\/v2\/users\/2"}],"replies":[{"embeddable":true,"href":"https:\/\/elluchador.info\/index.php?rest_route=%2Fwp%2Fv2%2Fcomments&post=200016"}],"version-history":[{"count":1,"href":"https:\/\/elluchador.info\/index.php?rest_route=\/wp\/v2\/posts\/200016\/revisions"}],"predecessor-version":[{"id":200018,"href":"https:\/\/elluchador.info\/index.php?rest_route=\/wp\/v2\/posts\/200016\/revisions\/200018"}],"wp:featuredmedia":[{"embeddable":true,"href":"https:\/\/elluchador.info\/index.php?rest_route=\/wp\/v2\/media\/200017"}],"wp:attachment":[{"href":"https:\/\/elluchador.info\/index.php?rest_route=%2Fwp%2Fv2%2Fmedia&parent=200016"}],"wp:term":[{"taxonomy":"category","embeddable":true,"href":"https:\/\/elluchador.info\/index.php?rest_route=%2Fwp%2Fv2%2Fcategories&post=200016"},{"taxonomy":"post_tag","embeddable":true,"href":"https:\/\/elluchador.info\/index.php?rest_route=%2Fwp%2Fv2%2Ftags&post=200016"}],"curies":[{"name":"wp","href":"https:\/\/api.w.org\/{rel}","templated":true}]}}