{"id":200026,"date":"2021-10-06T21:36:37","date_gmt":"2021-10-07T01:36:37","guid":{"rendered":"https:\/\/elluchador.info\/web\/?p=200026"},"modified":"2021-10-06T21:36:38","modified_gmt":"2021-10-07T01:36:38","slug":"termino-el-estado-de-emergencia-por-covid-19-en-republica-dominicana","status":"publish","type":"post","link":"https:\/\/elluchador.info\/?p=200026","title":{"rendered":"Termin\u00f3 el estado de emergencia por Covid-19 en Rep\u00fablica Dominicana"},"content":{"rendered":"\n<p>Sin embargo, que el gobierno mantendr\u00e1 las disposiciones del uso obligatorio de mascarillas, as\u00ed como del distanciamiento f\u00edsico.<\/p>\n\n\n\n<p>Rep\u00fablica Dominicana anunci\u00f3 que el pr\u00f3ximo lunes dar\u00e1 t\u00e9rmino al estado de emergencia que implement\u00f3 desde comienzos de la pandemia, en marzo de 2020. Esto\u00a0 debido a que logr\u00f3 vacunar contra el covid-19 a casi 60% de su poblaci\u00f3n objetivo.<\/p>\n\n\n\n<p>El levantamiento del estado de emergencia desde el pr\u00f3ximo 11 de octubre conlleva el levantamiento del toque de queda, as\u00ed como las restricciones de las libertades de tr\u00e1nsito y de asociaci\u00f3n en todo el pa\u00eds. As\u00ed lo dijo en rueda de prensa desde el Palacio Nacional, el consultor jur\u00eddico del Poder Ejecutivo, Antoliano Peralta.<\/p>\n\n\n\n<p>Las autoridades flexibilizaron los horarios de aplicaci\u00f3n del toque de queda en los \u00faltimos meses. Adem\u00e1s ordenaron la finalizaci\u00f3n de la medida de excepci\u00f3n en varias demarcaciones donde la vacunaci\u00f3n con dos dosis alcanz\u00f3 a al menos 70% de esas poblaciones.<\/p>\n\n\n\n<p>La decisi\u00f3n se produce en momentos en los que se registran incrementos en el n\u00famero de infectados en el pa\u00eds, donde circula ya la variante delta.<\/p>\n\n\n\n<p>Peralta precis\u00f3 que lo dispuesto por el gobierno no le hace renunciar a las prerrogativas que le otorga la Constituci\u00f3n de retomar las medidas que fueran necesarias en caso de que la situaci\u00f3n sanitaria del pa\u00eds as\u00ed lo demandare.<\/p>\n\n\n\n<p>Horas antes del anunci\u00f3 de Peralta, las autoridades sanitarias informaron que tienen intenci\u00f3n de comenzar a vacunar contra el covid-19 a los ni\u00f1os de entre 5 y 11 a\u00f1os, con el compuesto de Sinovac.<\/p>\n\n\n\n<p>El ministro de Salud P\u00fablica dominicano, Daniel Rivera, dijo que se est\u00e1 esperando el resultado de los estudios que est\u00e1n terminando en China y Chile sobre la vacuna Sinovac para iniciar el proceso. Aunque asegur\u00f3 que est\u00e1 demostrada la buena tolerancia y la buena respuesta de anticuerpos de ese compuesto en ni\u00f1os a partir de 5 a\u00f1os.<\/p>\n\n\n\n<p>Hasta la fecha, 4,9 millones de personas, alrededor del 59% de la poblaci\u00f3n, han recibido las dos dosis de la vacuna en la Rep\u00fablica Dominicana.<\/p>\n\n\n\n<p>Adem\u00e1s, ese pa\u00eds aplica desde julio una tercera dosis de refuerzo, que ya recibieron 978.059 personas. Ello, seg\u00fan las cifras oficiales actualizadas con fecha 5 de octubre.<\/p>\n\n\n\n<p>De acuerdo al bolet\u00edn diario de las autoridades sanitarias, Rep\u00fablica Dominicana acumula 362.849 casos de covid-19 y 4.056 decesos por el coronavirus.<\/p>\n\n\n\n<p>El total de recuperados asciende a 351.738 y los casos activos totalizan 7.055.<\/p>\n\n\n\n<p>El Nacional <\/p>\n","protected":false},"excerpt":{"rendered":"<p>Sin embargo, que el gobierno mantendr\u00e1 las disposiciones del uso obligatorio de mascarillas, as\u00ed como del distanciamiento f\u00edsico. Rep\u00fablica Dominicana anunci\u00f3 que el pr\u00f3ximo lunes dar\u00e1 t\u00e9rmino al estado de emergencia que implement\u00f3 desde comienzos de la pandemia, en marzo de 2020. Esto\u00a0 debido a que logr\u00f3 vacunar contra el covid-19 a casi 60% de [&hellip;]<\/p>\n","protected":false},"author":2,"featured_media":200027,"comment_status":"closed","ping_status":"closed","sticky":false,"template":"","format":"standard","meta":{"footnotes":""},"categories":[5,8],"tags":[],"class_list":{"0":"post-200026","1":"post","2":"type-post","3":"status-publish","4":"format-standard","5":"has-post-thumbnail","7":"category-destacado","8":"category-internacionales"},"_links":{"self":[{"href":"https:\/\/elluchador.info\/index.php?rest_route=\/wp\/v2\/posts\/200026","targetHints":{"allow":["GET"]}}],"collection":[{"href":"https:\/\/elluchador.info\/index.php?rest_route=\/wp\/v2\/posts"}],"about":[{"href":"https:\/\/elluchador.info\/index.php?rest_route=\/wp\/v2\/types\/post"}],"author":[{"embeddable":true,"href":"https:\/\/elluchador.info\/index.php?rest_route=\/wp\/v2\/users\/2"}],"replies":[{"embeddable":true,"href":"https:\/\/elluchador.info\/index.php?rest_route=%2Fwp%2Fv2%2Fcomments&post=200026"}],"version-history":[{"count":1,"href":"https:\/\/elluchador.info\/index.php?rest_route=\/wp\/v2\/posts\/200026\/revisions"}],"predecessor-version":[{"id":200028,"href":"https:\/\/elluchador.info\/index.php?rest_route=\/wp\/v2\/posts\/200026\/revisions\/200028"}],"wp:featuredmedia":[{"embeddable":true,"href":"https:\/\/elluchador.info\/index.php?rest_route=\/wp\/v2\/media\/200027"}],"wp:attachment":[{"href":"https:\/\/elluchador.info\/index.php?rest_route=%2Fwp%2Fv2%2Fmedia&parent=200026"}],"wp:term":[{"taxonomy":"category","embeddable":true,"href":"https:\/\/elluchador.info\/index.php?rest_route=%2Fwp%2Fv2%2Fcategories&post=200026"},{"taxonomy":"post_tag","embeddable":true,"href":"https:\/\/elluchador.info\/index.php?rest_route=%2Fwp%2Fv2%2Ftags&post=200026"}],"curies":[{"name":"wp","href":"https:\/\/api.w.org\/{rel}","templated":true}]}}