{"id":200029,"date":"2021-10-06T21:41:27","date_gmt":"2021-10-07T01:41:27","guid":{"rendered":"https:\/\/elluchador.info\/web\/?p=200029"},"modified":"2021-10-06T21:41:28","modified_gmt":"2021-10-07T01:41:28","slug":"maduro-colombianos-es-hora-de-retomar-su-actividad-economica-comercial-con-venezuela","status":"publish","type":"post","link":"https:\/\/elluchador.info\/?p=200029","title":{"rendered":"Maduro: Colombianos es hora de retomar su actividad econ\u00f3mica comercial con Venezuela"},"content":{"rendered":"\n<p>El l\u00edder del PSUV orden\u00f3 la apertura de la frontera en favor de retomar la actividad econ\u00f3mica comercial. Se\u00f1al\u00f3 que su gobierno estima el paso m\u00ednimo de \u00ab15 gandolas (camiones de carga) diarias\u00bb con productos desde Colombia hacia Venezuela.<\/p>\n\n\n\n<p>Nicol\u00e1s Maduro llam\u00f3 este mi\u00e9rcoles a los empresarios colombianos a retomar sus inversiones en Venezuela, luego de que el lunes autorizara la apertura comercial de la frontera entre ambos pa\u00edses, cerrada desde 2015.<\/p>\n\n\n\n<p>\u00abInvito a los empresarios colombianos a retomar sus inversiones, sus ventas y toda la actividad econ\u00f3mica comercial con Venezuela. Colombia, Colombia, Colombia aqu\u00ed est\u00e1 Venezuela. Venezuela te espera Colombia, por encima de torpezas pol\u00edticas, debe prevalecer la econom\u00eda\u00bb, indic\u00f3 Maduro.<\/p>\n\n\n\n<p>\u00abYa se ha estimado el paso m\u00ednimo, arrancando, de 15 gandolas diarias de Colombia a Venezuela con productos\u00bb, dijo.<\/p>\n\n\n\n<p>Maduro asegur\u00f3 que se deben dejar a un lado las diferencias ideol\u00f3gicas entre los pa\u00edses cuando se trata de econom\u00eda. Manifest\u00f3 su deseo de que el gobierno de\u00a0Iv\u00e1n Duque\u00a0\u00ablo entienda\u00bb.<\/p>\n\n\n\n<p>Asegur\u00f3 que durante el gobierno de su mentor, Hugo Ch\u00e1vez (1999-2013), el comercio binacional lleg\u00f3 a valorarse en 11.000 millones de d\u00f3lares. Record\u00f3 que para entonces la administraci\u00f3n de Venezuela ten\u00eda diferencias con el gobierno del expresidente \u00c1lvaro Uribe V\u00e9lez.<\/p>\n\n\n\n<p>\u00abSomos pa\u00edses hermanos y de sangre y no se puede imponer el extremismo partidista de derecha que se ha impuesto con Iv\u00e1n Duque\u00bb, sostuvo.<\/p>\n\n\n\n<p>El pasado lunes, la vicepresidenta&nbsp; Delcy Rodr\u00edguez anunci\u00f3 la apertura para el tr\u00e1nsito comercial de la frontera con Colombia, cerrada desde 2015, en el estado T\u00e1chira, que alberga el principal paso con el pa\u00eds andino, a partir del martes.<\/p>\n\n\n\n<p>La frontera fue cerrada al paso de veh\u00edculos en agosto de 2015 por orden de Caracas y la circulaci\u00f3n de personas qued\u00f3 suspendida tras la ruptura de relaciones decidida por Maduro el 23 de febrero de 2019, cuando el l\u00edder opositor Juan Guaid\u00f3 intent\u00f3 ingresar desde C\u00facuta una caravana de ayuda humanitaria.<\/p>\n\n\n\n<p>Con la crisis pol\u00edtica de 2019 el gobierno de Venezuela decidi\u00f3 instalar en el principal puente que conecta a los dos pa\u00edses, el Sim\u00f3n Bol\u00edvar, unos contenedores que comenzaron a levantarse el lunes pasado al conocerse la decisi\u00f3n de abrir la frontera.<\/p>\n\n\n\n<p>Los pasos fronterizos de Colombia con Venezuela comenzaron a reabrir parcialmente el martes para peatones, un preludio de la esperada reanudaci\u00f3n de la actividad comercial.<\/p>\n\n\n\n<p>El Nacional <\/p>\n","protected":false},"excerpt":{"rendered":"<p>El l\u00edder del PSUV orden\u00f3 la apertura de la frontera en favor de retomar la actividad econ\u00f3mica comercial. Se\u00f1al\u00f3 que su gobierno estima el paso m\u00ednimo de \u00ab15 gandolas (camiones de carga) diarias\u00bb con productos desde Colombia hacia Venezuela. Nicol\u00e1s Maduro llam\u00f3 este mi\u00e9rcoles a los empresarios colombianos a retomar sus inversiones en Venezuela, luego [&hellip;]<\/p>\n","protected":false},"author":2,"featured_media":200030,"comment_status":"closed","ping_status":"closed","sticky":false,"template":"","format":"standard","meta":{"footnotes":""},"categories":[5,9],"tags":[],"class_list":{"0":"post-200029","1":"post","2":"type-post","3":"status-publish","4":"format-standard","5":"has-post-thumbnail","7":"category-destacado","8":"category-nacionales"},"_links":{"self":[{"href":"https:\/\/elluchador.info\/index.php?rest_route=\/wp\/v2\/posts\/200029","targetHints":{"allow":["GET"]}}],"collection":[{"href":"https:\/\/elluchador.info\/index.php?rest_route=\/wp\/v2\/posts"}],"about":[{"href":"https:\/\/elluchador.info\/index.php?rest_route=\/wp\/v2\/types\/post"}],"author":[{"embeddable":true,"href":"https:\/\/elluchador.info\/index.php?rest_route=\/wp\/v2\/users\/2"}],"replies":[{"embeddable":true,"href":"https:\/\/elluchador.info\/index.php?rest_route=%2Fwp%2Fv2%2Fcomments&post=200029"}],"version-history":[{"count":1,"href":"https:\/\/elluchador.info\/index.php?rest_route=\/wp\/v2\/posts\/200029\/revisions"}],"predecessor-version":[{"id":200031,"href":"https:\/\/elluchador.info\/index.php?rest_route=\/wp\/v2\/posts\/200029\/revisions\/200031"}],"wp:featuredmedia":[{"embeddable":true,"href":"https:\/\/elluchador.info\/index.php?rest_route=\/wp\/v2\/media\/200030"}],"wp:attachment":[{"href":"https:\/\/elluchador.info\/index.php?rest_route=%2Fwp%2Fv2%2Fmedia&parent=200029"}],"wp:term":[{"taxonomy":"category","embeddable":true,"href":"https:\/\/elluchador.info\/index.php?rest_route=%2Fwp%2Fv2%2Fcategories&post=200029"},{"taxonomy":"post_tag","embeddable":true,"href":"https:\/\/elluchador.info\/index.php?rest_route=%2Fwp%2Fv2%2Ftags&post=200029"}],"curies":[{"name":"wp","href":"https:\/\/api.w.org\/{rel}","templated":true}]}}