{"id":200044,"date":"2021-10-07T09:29:53","date_gmt":"2021-10-07T13:29:53","guid":{"rendered":"https:\/\/elluchador.info\/web\/?p=200044"},"modified":"2021-10-07T09:29:57","modified_gmt":"2021-10-07T13:29:57","slug":"juan-guaido-agradece-a-colombia-ecuador-y-panama-recibimiento-a-venezolanos","status":"publish","type":"post","link":"https:\/\/elluchador.info\/?p=200044","title":{"rendered":"Juan Guaid\u00f3 agradece a Colombia, Ecuador y Panam\u00e1 recibimiento a venezolanos"},"content":{"rendered":"\n<p>El l\u00edder opositor Juan Guaid\u00f3 agradeci\u00f3 este mi\u00e9rcoles al presidente colombiano, Iv\u00e1n Duque; al de Ecuador, Guillermo Lasso y, al de Panam\u00e1; Laurentino Cortizo, el recibimiento \u00abde millones de venezolanos\u00bb que huyen de la crisis en Venezuela.<\/p>\n\n\n\n<p>\u00abSe ha mostrado la mejor cara del pueblo colombiano y suramericano\u00bb, dijo Guaid\u00f3 en un mensaje colgado en su cuenta Twitter, a prop\u00f3sito su participaci\u00f3n en el evento, con motivo de la celebraci\u00f3n del 200 aniversario de la Constituci\u00f3n de C\u00facuta, en Colombia.<\/p>\n\n\n\n<h2 class=\"wp-block-heading\">Abrazo solidario<\/h2>\n\n\n\n<p>Guaid\u00f3 se refiri\u00f3 espec\u00edficamente al Estatuto Temporal de Protecci\u00f3n, con el que el Ejecutivo colombiano otorga la regularizaci\u00f3n a migrantes venezolanos en ese pa\u00eds, y asegur\u00f3 que se trata de un acto inscrito en la lucha por la democracia.<\/p>\n\n\n\n<p>\u00abDebo agradecer al presidente Duque en ese abrazo solidario que ha representado el TPS (Estatuto Temporal de Protecci\u00f3n en espa\u00f1ol), la opci\u00f3n de venezolanos que huyen de una crisis. Estar\u00e1 en nuestra historia, pero tambi\u00e9n en nuestro presente, la lucha por la democracia y por la libertad\u00bb, dijo.<\/p>\n\n\n\n<p>La iniciativa del TPS fue anunciada en febrero por el presidente colombiano, quien se\u00f1al\u00f3 entonces que tendr\u00e1 una vigencia de diez a\u00f1os, tras la cual los migrantes podr\u00e1n solicitar la residencia.<\/p>\n\n\n\n<p>En este sentido, el opositor venezolano celebr\u00f3 la \u00abhermandad\u00bb que une a Colombia y Venezuela. Asegur\u00f3 que la relaci\u00f3n entre ambos pa\u00edses est\u00e1 enmarcada dentro de su Constituci\u00f3n.<\/p>\n\n\n\n<figure class=\"wp-block-embed is-type-rich is-provider-twitter wp-block-embed-twitter\"><div class=\"wp-block-embed__wrapper\">\n<blockquote class=\"twitter-tweet\" data-width=\"550\" data-dnt=\"true\"><p lang=\"es\" dir=\"ltr\">Agradezco al Presidente <a href=\"https:\/\/twitter.com\/IvanDuque?ref_src=twsrc%5Etfw\">@IvanDuque<\/a> la invitaci\u00f3n a participar en el evento con motivo de los 200 a\u00f1os de la constituci\u00f3n de C\u00facuta<br><br>Colombia y Venezuela est\u00e1n unidas por lazos hist\u00f3ricos de lucha, pero hoy tambi\u00e9n por la solidaridad ante la emergencia humanitaria en nuestro pa\u00eds. <a href=\"https:\/\/t.co\/54AAiJnNEy\">pic.twitter.com\/54AAiJnNEy<\/a><\/p>&mdash; Juan Guaid\u00f3 (@jguaido) <a href=\"https:\/\/twitter.com\/jguaido\/status\/1445906363457150976?ref_src=twsrc%5Etfw\">October 7, 2021<\/a><\/blockquote><script async src=\"https:\/\/platform.twitter.com\/widgets.js\" charset=\"utf-8\"><\/script>\n<\/div><\/figure>\n\n\n\n<h2 class=\"wp-block-heading\">Acogida a migrantes<\/h2>\n\n\n\n<p>Igualmente, Guaid\u00f3 agradeci\u00f3 a los mandatarios de Ecuador y Panam\u00e1 la acogida a migrantes venezolanos.<\/p>\n\n\n\n<p>\u00abDebo agradecer al presidente Lasso y Cortizo el recibimiento de millones de venezolanos, cientos de miles huyendo de la tragedia\u00bb, apunt\u00f3.<\/p>\n\n\n\n<p>En este sentido, el exdiputado venezolano record\u00f3 que la democracia \u00abno es un regalo, es una lucha constante\u00bb, y que en Venezuela mantienen el trabajo por su \u00abrescate\u00bb.<\/p>\n\n\n\n<p>\u00abLa democracia nunca est\u00e1 por sentada, que debemos lucharla, discutirla y debatirla a diario\u00bb, asever\u00f3.<\/p>\n\n\n\n<p>Colombia celebra este mi\u00e9rcoles el bicentenario de la Constituci\u00f3n de 1821 para recordar que hace dos siglos se inici\u00f3 la consolidaci\u00f3n de las instituciones democr\u00e1ticas de ese pa\u00eds y \u00abla creaci\u00f3n de la Gran Colombia, el gran sue\u00f1o de nuestro libertador Sim\u00f3n Bol\u00edvar\u00bb, tal como refiri\u00f3 en su Twitter.<\/p>\n\n\n\n<p>Al evento fue invitado Guaid\u00f3. El dirigente record\u00f3 durante la jornada, que \u00abC\u00facuta ha sido la puerta de entrada para millones de compatriotas que han huido de la dictadura. Nuestra lucha es por su regreso\u00bb<\/p>\n\n\n\n<p><strong>El Nacional<\/strong><\/p>\n","protected":false},"excerpt":{"rendered":"<p>El l\u00edder opositor Juan Guaid\u00f3 agradeci\u00f3 este mi\u00e9rcoles al presidente colombiano, Iv\u00e1n Duque; al de Ecuador, Guillermo Lasso y, al de Panam\u00e1; Laurentino Cortizo, el recibimiento \u00abde millones de venezolanos\u00bb que huyen de la crisis en Venezuela. \u00abSe ha mostrado la mejor cara del pueblo colombiano y suramericano\u00bb, dijo Guaid\u00f3 en un mensaje colgado en [&hellip;]<\/p>\n","protected":false},"author":2,"featured_media":200045,"comment_status":"closed","ping_status":"closed","sticky":false,"template":"","format":"standard","meta":{"footnotes":""},"categories":[11],"tags":[],"class_list":{"0":"post-200044","1":"post","2":"type-post","3":"status-publish","4":"format-standard","5":"has-post-thumbnail","7":"category-politica"},"_links":{"self":[{"href":"https:\/\/elluchador.info\/index.php?rest_route=\/wp\/v2\/posts\/200044","targetHints":{"allow":["GET"]}}],"collection":[{"href":"https:\/\/elluchador.info\/index.php?rest_route=\/wp\/v2\/posts"}],"about":[{"href":"https:\/\/elluchador.info\/index.php?rest_route=\/wp\/v2\/types\/post"}],"author":[{"embeddable":true,"href":"https:\/\/elluchador.info\/index.php?rest_route=\/wp\/v2\/users\/2"}],"replies":[{"embeddable":true,"href":"https:\/\/elluchador.info\/index.php?rest_route=%2Fwp%2Fv2%2Fcomments&post=200044"}],"version-history":[{"count":1,"href":"https:\/\/elluchador.info\/index.php?rest_route=\/wp\/v2\/posts\/200044\/revisions"}],"predecessor-version":[{"id":200046,"href":"https:\/\/elluchador.info\/index.php?rest_route=\/wp\/v2\/posts\/200044\/revisions\/200046"}],"wp:featuredmedia":[{"embeddable":true,"href":"https:\/\/elluchador.info\/index.php?rest_route=\/wp\/v2\/media\/200045"}],"wp:attachment":[{"href":"https:\/\/elluchador.info\/index.php?rest_route=%2Fwp%2Fv2%2Fmedia&parent=200044"}],"wp:term":[{"taxonomy":"category","embeddable":true,"href":"https:\/\/elluchador.info\/index.php?rest_route=%2Fwp%2Fv2%2Fcategories&post=200044"},{"taxonomy":"post_tag","embeddable":true,"href":"https:\/\/elluchador.info\/index.php?rest_route=%2Fwp%2Fv2%2Ftags&post=200044"}],"curies":[{"name":"wp","href":"https:\/\/api.w.org\/{rel}","templated":true}]}}