{"id":200060,"date":"2021-10-07T17:13:24","date_gmt":"2021-10-07T21:13:24","guid":{"rendered":"https:\/\/elluchador.info\/web\/?p=200060"},"modified":"2021-10-07T17:13:26","modified_gmt":"2021-10-07T21:13:26","slug":"inameh-aseguro-que-dioxido-de-azufre-del-volcan-la-palma-no-afectara-directamente-al-pais","status":"publish","type":"post","link":"https:\/\/elluchador.info\/?p=200060","title":{"rendered":"Inameh asegur\u00f3 que Di\u00f3xido de azufre del volc\u00e1n La Palma no afectar\u00e1 directamente al pa\u00eds"},"content":{"rendered":"\n<p>El Instituto Nacional de Meteorolog\u00eda e Hidrolog\u00eda (Inameh), inform\u00f3 este jueves que una concentraci\u00f3n de di\u00f3xido de azufre producto de la erupci\u00f3n del volc\u00e1n Cumbre Vieja de las Islas Canarias, Espa\u00f1a, se desplaza sobre la franja norte de Venezuela.<\/p>\n\n\n\n<p>En entrevista con\u00a0Vanessa Davies\u00a0para\u00a0Uni\u00f3n Radio, el doctor\u00a0Andr\u00e9s Orsoni asegur\u00f3 que la nube contiene poca cantidad del gas qu\u00edmico y no afectar\u00e1 gravemente a la atm\u00f3sfera ni ocasionar\u00e1 fuertes consecuencias en las personas.<\/p>\n\n\n\n<blockquote class=\"wp-block-quote is-layout-flow wp-block-quote-is-layout-flow\"><p>\u00abAparentemente, las partes por mill\u00f3n de di\u00f3xido de azufre que trae la nube es de poca cantidad\u00bb.<\/p><\/blockquote>\n\n\n\n<p>Sin embargo, Orsoni manifest\u00f3 que las\u00a0v\u00edas respiratorias pueden verse comprometidas por esta situaci\u00f3n\u00a0y alert\u00f3 a las personas con alguna enfermedad preexistente a estar atentas a los s\u00edntomas como\u00a0irritaci\u00f3n o broncoespasmos.<\/p>\n\n\n\n<p>Adem\u00e1s pudiera presentarse la denominada\u00a0\u00ablluvia \u00e1cida\u00bb\u00a0si la nube contaminada entra en contacto con el agua, lo que ocasionar\u00e1 problemas en la piel u ojos.<\/p>\n\n\n\n<blockquote class=\"wp-block-quote is-layout-flow wp-block-quote-is-layout-flow\"><p>\u00abEs importante destacar que el di\u00f3xido de azufre en la atm\u00f3sfera cuando est\u00e1 en contacto con el agua, se transforma en \u00e1cido sulf\u00farico y es muy da\u00f1ino\u00bb, coment\u00f3.<\/p><\/blockquote>\n\n\n\n<p>Como medida de prevenci\u00f3n, inst\u00f3 a las personas a no exponerse por un tiempo prolongado al aire libre y a utilizar la mascarilla para evitar la inhalaci\u00f3n del qu\u00edmico.<\/p>\n\n\n\n<figure class=\"wp-block-embed is-type-rich is-provider-twitter wp-block-embed-twitter\"><div class=\"wp-block-embed__wrapper\">\n<blockquote class=\"twitter-tweet\" data-width=\"550\" data-dnt=\"true\"><p lang=\"es\" dir=\"ltr\"><a href=\"https:\/\/twitter.com\/hashtag\/7oct?src=hash&amp;ref_src=twsrc%5Etfw\">#7oct<\/a> <a href=\"https:\/\/twitter.com\/hashtag\/INAMEHInforma?src=hash&amp;ref_src=twsrc%5Etfw\">#INAMEHInforma<\/a> Las principales concentraciones de SO2 que han llegado hasta el Caribe, desde el volc\u00e1n La Cumbre Vieja, se han desplazado a una altura aproximada de 5 kil\u00f3metros (capas medias de la troposfera); por lo cual no produce efectos directos a nivel de superficie <a href=\"https:\/\/t.co\/UapiHAZCgm\">pic.twitter.com\/UapiHAZCgm<\/a><\/p>&mdash; Trash (@InamehVenezuela) <a href=\"https:\/\/twitter.com\/InamehVenezuela\/status\/1446081307893800962?ref_src=twsrc%5Etfw\">October 7, 2021<\/a><\/blockquote><script async src=\"https:\/\/platform.twitter.com\/widgets.js\" charset=\"utf-8\"><\/script>\n<\/div><\/figure>\n\n\n\n<p>Uni\u00f3n Radio<\/p>\n","protected":false},"excerpt":{"rendered":"<p>El Instituto Nacional de Meteorolog\u00eda e Hidrolog\u00eda (Inameh), inform\u00f3 este jueves que una concentraci\u00f3n de di\u00f3xido de azufre producto de la erupci\u00f3n del volc\u00e1n Cumbre Vieja de las Islas Canarias, Espa\u00f1a, se desplaza sobre la franja norte de Venezuela. En entrevista con\u00a0Vanessa Davies\u00a0para\u00a0Uni\u00f3n Radio, el doctor\u00a0Andr\u00e9s Orsoni asegur\u00f3 que la nube contiene poca cantidad del [&hellip;]<\/p>\n","protected":false},"author":2,"featured_media":200061,"comment_status":"closed","ping_status":"closed","sticky":false,"template":"","format":"standard","meta":{"footnotes":""},"categories":[5,9],"tags":[],"class_list":{"0":"post-200060","1":"post","2":"type-post","3":"status-publish","4":"format-standard","5":"has-post-thumbnail","7":"category-destacado","8":"category-nacionales"},"_links":{"self":[{"href":"https:\/\/elluchador.info\/index.php?rest_route=\/wp\/v2\/posts\/200060","targetHints":{"allow":["GET"]}}],"collection":[{"href":"https:\/\/elluchador.info\/index.php?rest_route=\/wp\/v2\/posts"}],"about":[{"href":"https:\/\/elluchador.info\/index.php?rest_route=\/wp\/v2\/types\/post"}],"author":[{"embeddable":true,"href":"https:\/\/elluchador.info\/index.php?rest_route=\/wp\/v2\/users\/2"}],"replies":[{"embeddable":true,"href":"https:\/\/elluchador.info\/index.php?rest_route=%2Fwp%2Fv2%2Fcomments&post=200060"}],"version-history":[{"count":1,"href":"https:\/\/elluchador.info\/index.php?rest_route=\/wp\/v2\/posts\/200060\/revisions"}],"predecessor-version":[{"id":200062,"href":"https:\/\/elluchador.info\/index.php?rest_route=\/wp\/v2\/posts\/200060\/revisions\/200062"}],"wp:featuredmedia":[{"embeddable":true,"href":"https:\/\/elluchador.info\/index.php?rest_route=\/wp\/v2\/media\/200061"}],"wp:attachment":[{"href":"https:\/\/elluchador.info\/index.php?rest_route=%2Fwp%2Fv2%2Fmedia&parent=200060"}],"wp:term":[{"taxonomy":"category","embeddable":true,"href":"https:\/\/elluchador.info\/index.php?rest_route=%2Fwp%2Fv2%2Fcategories&post=200060"},{"taxonomy":"post_tag","embeddable":true,"href":"https:\/\/elluchador.info\/index.php?rest_route=%2Fwp%2Fv2%2Ftags&post=200060"}],"curies":[{"name":"wp","href":"https:\/\/api.w.org\/{rel}","templated":true}]}}