{"id":200076,"date":"2021-10-07T18:03:45","date_gmt":"2021-10-07T22:03:45","guid":{"rendered":"https:\/\/elluchador.info\/web\/?p=200076"},"modified":"2021-10-07T18:03:46","modified_gmt":"2021-10-07T22:03:46","slug":"hospital-clinico-de-los-trabajadores-de-guayana-inicio-consultas-pediatricas","status":"publish","type":"post","link":"https:\/\/elluchador.info\/?p=200076","title":{"rendered":"Hospital Cl\u00ednico de los Trabajadores de Guayana inici\u00f3 consultas pedi\u00e1tricas"},"content":{"rendered":"\n<p>La Corporaci\u00f3n Venezolana de Guayana, a trav\u00e9s de Gerencia de Salud, dio inicio a las consultas pedi\u00e1tricas, uno de los servicios m\u00e9dicos con mayor demanda, en las instalaciones del Hospital Cl\u00ednico de los Trabajadores de Guayana.<\/p>\n\n\n\n<p>As\u00ed lo inform\u00f3 el Dr. Marcelo Storino, gerente general de los Servicios M\u00e9dicos de la CVG y sus empresas tuteladas, quien agreg\u00f3 que \u201choy, con m\u00e1s de cincuenta y tres especialidades, seguimos fortaleciendo nuestro sistema de salud con las empresas del Holding CVG del estado Bol\u00edvar.\u201d&nbsp;<\/p>\n\n\n\n<p>Asimismo, el galeno destac\u00f3 que estas acciones van de la mano de las orientaciones de Pedro Maldonado, titular del ente de desarrollo regional, quien tambi\u00e9n instruy\u00f3 la creaci\u00f3n del Servicio Integral de Atenci\u00f3n M\u00e9dica CVG (SIAM-CVG), activado las 24 horas para atender solicitudes de ingreso por emergencia y hospitalizaci\u00f3n de la clase obrera de casa matriz, empresas tuteladas y familiares directos.<\/p>\n\n\n\n<p>Con la activaci\u00f3n del servicio de pediatr\u00eda en el Hospital Cl\u00ednico de los Trabajadores de Guayana, la CVG va rumbo a consolidar un sistema de salud \u00f3ptimo para los trabajadores y familiares, con una atenci\u00f3n integral, oportuna y accesible.\u00a0<\/p>\n\n\n\n<p>Prensa CVG<\/p>\n","protected":false},"excerpt":{"rendered":"<p>La Corporaci\u00f3n Venezolana de Guayana, a trav\u00e9s de Gerencia de Salud, dio inicio a las consultas pedi\u00e1tricas, uno de los servicios m\u00e9dicos con mayor demanda, en las instalaciones del Hospital Cl\u00ednico de los Trabajadores de Guayana. As\u00ed lo inform\u00f3 el Dr. Marcelo Storino, gerente general de los Servicios M\u00e9dicos de la CVG y sus empresas [&hellip;]<\/p>\n","protected":false},"author":2,"featured_media":200077,"comment_status":"closed","ping_status":"closed","sticky":false,"template":"","format":"standard","meta":{"footnotes":""},"categories":[5,12],"tags":[],"class_list":{"0":"post-200076","1":"post","2":"type-post","3":"status-publish","4":"format-standard","5":"has-post-thumbnail","7":"category-destacado","8":"category-regionales"},"_links":{"self":[{"href":"https:\/\/elluchador.info\/index.php?rest_route=\/wp\/v2\/posts\/200076","targetHints":{"allow":["GET"]}}],"collection":[{"href":"https:\/\/elluchador.info\/index.php?rest_route=\/wp\/v2\/posts"}],"about":[{"href":"https:\/\/elluchador.info\/index.php?rest_route=\/wp\/v2\/types\/post"}],"author":[{"embeddable":true,"href":"https:\/\/elluchador.info\/index.php?rest_route=\/wp\/v2\/users\/2"}],"replies":[{"embeddable":true,"href":"https:\/\/elluchador.info\/index.php?rest_route=%2Fwp%2Fv2%2Fcomments&post=200076"}],"version-history":[{"count":1,"href":"https:\/\/elluchador.info\/index.php?rest_route=\/wp\/v2\/posts\/200076\/revisions"}],"predecessor-version":[{"id":200078,"href":"https:\/\/elluchador.info\/index.php?rest_route=\/wp\/v2\/posts\/200076\/revisions\/200078"}],"wp:featuredmedia":[{"embeddable":true,"href":"https:\/\/elluchador.info\/index.php?rest_route=\/wp\/v2\/media\/200077"}],"wp:attachment":[{"href":"https:\/\/elluchador.info\/index.php?rest_route=%2Fwp%2Fv2%2Fmedia&parent=200076"}],"wp:term":[{"taxonomy":"category","embeddable":true,"href":"https:\/\/elluchador.info\/index.php?rest_route=%2Fwp%2Fv2%2Fcategories&post=200076"},{"taxonomy":"post_tag","embeddable":true,"href":"https:\/\/elluchador.info\/index.php?rest_route=%2Fwp%2Fv2%2Ftags&post=200076"}],"curies":[{"name":"wp","href":"https:\/\/api.w.org\/{rel}","templated":true}]}}