{"id":200091,"date":"2021-10-07T21:57:39","date_gmt":"2021-10-08T01:57:39","guid":{"rendered":"https:\/\/elluchador.info\/web\/?p=200091"},"modified":"2021-10-07T21:57:44","modified_gmt":"2021-10-08T01:57:44","slug":"fedecamaras-estima-que-el-sector-privado-tendra-un-crecimiento-del-1-este-ano","status":"publish","type":"post","link":"https:\/\/elluchador.info\/?p=200091","title":{"rendered":"Fedec\u00e1maras estima que el sector privado tendr\u00e1 un crecimiento del 1% este a\u00f1o"},"content":{"rendered":"\n<p>Carlos Fern\u00e1ndez, presidente de&nbsp;<a href=\"https:\/\/twitter.com\/fedecamaras\">Fedec\u00e1maras<\/a>, asegur\u00f3 que tras distintos trabajos de campo que ha realizado la instituci\u00f3n, se puede ver que este a\u00f1o el sector privado detendr\u00e1 su ca\u00edda y se estima que tenga un peque\u00f1o crecimiento del 1%.<\/p>\n\n\n\n<p>Explic\u00f3 que este es un crecimiento desde lo micro a pesar de la falta de cr\u00e9dito financiero.<\/p>\n\n\n\n<p>Fern\u00e1ndez resalt\u00f3 que el tema de la dolarizaci\u00f3n de facto y el regreso del cr\u00e9dito financiero muestra este resultado positivo.<\/p>\n\n\n\n<p><strong>\u00abEste es un crecimiento desde lo micro, no hay grandes pol\u00edticas p\u00fablicas ni inversiones extranjeras detr\u00e1s de esto\u00bb<\/strong>&nbsp;a\u00f1adi\u00f3 .<\/p>\n\n\n\n<p>El presidente de Fedec\u00e1maras indic\u00f3 que este crecimiento se debe al compromiso del sector privado.<\/p>\n\n\n\n<p>Insisti\u00f3 en que si el pa\u00eds no tuviera medidas como el \u00ab7+7\u00bb y pudiera resolver a corto plazo el tema del combustible, los n\u00fameros serian a\u00fan mejor.<\/p>\n\n\n\n<p><strong>\u00abConfiamos en que para el a\u00f1o que viene se busquen soluciones\u00bb<\/strong>&nbsp;acot\u00f3 el presidente de Fedec\u00e1maras.<\/p>\n\n\n\n<p>Fern\u00e1ndez destac\u00f3 que recorriendo el pa\u00eds se han dado cuenta del compromiso del empresariado por mantener abastecidas las necesidades de los consumidores.<\/p>\n\n\n\n<p>Tambi\u00e9n resalt\u00f3 que hay una notable diferencia entre lo que sucede en Caracas y el resto del pa\u00eds.<\/p>\n\n\n\n<p><strong>\u00abEn esas visitas que hemos hecho a 18 estados del pa\u00eds, nos dicen que la semana buena es en la que hay combustible\u00bb<\/strong>&nbsp;se\u00f1al\u00f3 Fern\u00e1ndez.<\/p>\n\n\n\n<p>El representante de Fedec\u00e1maras asegur\u00f3 que el tema de la escasez de combustible y deficiencia de los servicios p\u00fablicos se hace m\u00e1s evidente en el interior del pa\u00eds.<\/p>\n\n\n\n<p>UNI\u00d3N RADIO<\/p>\n","protected":false},"excerpt":{"rendered":"<p>Carlos Fern\u00e1ndez, presidente de&nbsp;Fedec\u00e1maras, asegur\u00f3 que tras distintos trabajos de campo que ha realizado la instituci\u00f3n, se puede ver que este a\u00f1o el sector privado detendr\u00e1 su ca\u00edda y se estima que tenga un peque\u00f1o crecimiento del 1%. Explic\u00f3 que este es un crecimiento desde lo micro a pesar de la falta de cr\u00e9dito financiero. [&hellip;]<\/p>\n","protected":false},"author":2,"featured_media":194491,"comment_status":"closed","ping_status":"closed","sticky":false,"template":"","format":"standard","meta":{"footnotes":""},"categories":[5,6],"tags":[],"class_list":{"0":"post-200091","1":"post","2":"type-post","3":"status-publish","4":"format-standard","5":"has-post-thumbnail","7":"category-destacado","8":"category-economia"},"_links":{"self":[{"href":"https:\/\/elluchador.info\/index.php?rest_route=\/wp\/v2\/posts\/200091","targetHints":{"allow":["GET"]}}],"collection":[{"href":"https:\/\/elluchador.info\/index.php?rest_route=\/wp\/v2\/posts"}],"about":[{"href":"https:\/\/elluchador.info\/index.php?rest_route=\/wp\/v2\/types\/post"}],"author":[{"embeddable":true,"href":"https:\/\/elluchador.info\/index.php?rest_route=\/wp\/v2\/users\/2"}],"replies":[{"embeddable":true,"href":"https:\/\/elluchador.info\/index.php?rest_route=%2Fwp%2Fv2%2Fcomments&post=200091"}],"version-history":[{"count":1,"href":"https:\/\/elluchador.info\/index.php?rest_route=\/wp\/v2\/posts\/200091\/revisions"}],"predecessor-version":[{"id":200092,"href":"https:\/\/elluchador.info\/index.php?rest_route=\/wp\/v2\/posts\/200091\/revisions\/200092"}],"wp:featuredmedia":[{"embeddable":true,"href":"https:\/\/elluchador.info\/index.php?rest_route=\/wp\/v2\/media\/194491"}],"wp:attachment":[{"href":"https:\/\/elluchador.info\/index.php?rest_route=%2Fwp%2Fv2%2Fmedia&parent=200091"}],"wp:term":[{"taxonomy":"category","embeddable":true,"href":"https:\/\/elluchador.info\/index.php?rest_route=%2Fwp%2Fv2%2Fcategories&post=200091"},{"taxonomy":"post_tag","embeddable":true,"href":"https:\/\/elluchador.info\/index.php?rest_route=%2Fwp%2Fv2%2Ftags&post=200091"}],"curies":[{"name":"wp","href":"https:\/\/api.w.org\/{rel}","templated":true}]}}