{"id":200109,"date":"2021-10-08T10:53:03","date_gmt":"2021-10-08T14:53:03","guid":{"rendered":"https:\/\/elluchador.info\/web\/?p=200109"},"modified":"2021-10-08T10:53:05","modified_gmt":"2021-10-08T14:53:05","slug":"instagram-permitira-publicar-en-su-feed-videos-de-hasta-60-minutos","status":"publish","type":"post","link":"https:\/\/elluchador.info\/?p=200109","title":{"rendered":"Instagram permitir\u00e1 publicar en su feed videos de hasta 60 minutos"},"content":{"rendered":"\n<p>A partir de ahora, los videos que se publiquen en el feed principal de Instagram podr\u00e1n tener una duraci\u00f3n de hasta 60 minutos. De este modo, los usuarios ya no tendr\u00e1n que salir de la aplicaci\u00f3n principal para disfrutar de esa caracter\u00edstica. Hasta ahora era exclusiva de su servicio de videos verticales IGTV.<\/p>\n\n\n\n<p>Seg\u00fan inform\u00f3 Alexandru Voica, gerente de comunicaciones tecnol\u00f3gicas de Facebook para Europa, Oriente Medio y \u00c1frica, este nuevo formato combinado, denominado\u00a0<a href=\"https:\/\/www.instagram.com\/\">Instagram<\/a>\u00a0video, tendr\u00e1 su propia pesta\u00f1a en el perfil de los usuarios para que resulte m\u00e1s f\u00e1cil \u00abdescubrir nuevos contenidos de video\u00bb.<\/p>\n\n\n\n<p>Voica anunci\u00f3 adem\u00e1s que a\u00f1adi\u00f3 mejoras a la aplicaci\u00f3n IGTV, rebautizada como Instagram TV. Ahora \u00abfacilita la b\u00fasqueda de los mejores videos de los creadores de Instagram\u00bb. Contar\u00e1 con nuevas funciones para lograr que la creaci\u00f3n de material audiovisual sea \u00abm\u00e1s fluida\u00bb. \u00abEstamos introduciendo recortes, filtros, personas y etiquetado de ubicaci\u00f3n para todos los videos\u00bb, detall\u00f3.<\/p>\n\n\n\n<p>De acuerdo con el gerente, el video es un formato clave entre los creadores de contenidos y \u00abcasi la mitad\u00bb de todo el tiempo que los usuarios gastan en Facebook lo dedican a ver este tipo de materiales. Es por ello que el objetivo es hacer \u00aba\u00fan m\u00e1s sencillo crear y descubrir videos en Instagram\u00bb. \u00abHemos visto a la comunidad de creadores sumergirse profundamente en el contenido de video y usarlo m\u00e1s que nunca para conectarse con sus comunidades\u00bb, asegura.<\/p>\n\n\n\n<p><strong>El Nacional<\/strong><\/p>\n","protected":false},"excerpt":{"rendered":"<p>A partir de ahora, los videos que se publiquen en el feed principal de Instagram podr\u00e1n tener una duraci\u00f3n de hasta 60 minutos. De este modo, los usuarios ya no tendr\u00e1n que salir de la aplicaci\u00f3n principal para disfrutar de esa caracter\u00edstica. Hasta ahora era exclusiva de su servicio de videos verticales IGTV. Seg\u00fan inform\u00f3 [&hellip;]<\/p>\n","protected":false},"author":2,"featured_media":200110,"comment_status":"closed","ping_status":"closed","sticky":false,"template":"","format":"standard","meta":{"footnotes":""},"categories":[14],"tags":[],"class_list":{"0":"post-200109","1":"post","2":"type-post","3":"status-publish","4":"format-standard","5":"has-post-thumbnail","7":"category-tecnologia"},"_links":{"self":[{"href":"https:\/\/elluchador.info\/index.php?rest_route=\/wp\/v2\/posts\/200109","targetHints":{"allow":["GET"]}}],"collection":[{"href":"https:\/\/elluchador.info\/index.php?rest_route=\/wp\/v2\/posts"}],"about":[{"href":"https:\/\/elluchador.info\/index.php?rest_route=\/wp\/v2\/types\/post"}],"author":[{"embeddable":true,"href":"https:\/\/elluchador.info\/index.php?rest_route=\/wp\/v2\/users\/2"}],"replies":[{"embeddable":true,"href":"https:\/\/elluchador.info\/index.php?rest_route=%2Fwp%2Fv2%2Fcomments&post=200109"}],"version-history":[{"count":1,"href":"https:\/\/elluchador.info\/index.php?rest_route=\/wp\/v2\/posts\/200109\/revisions"}],"predecessor-version":[{"id":200111,"href":"https:\/\/elluchador.info\/index.php?rest_route=\/wp\/v2\/posts\/200109\/revisions\/200111"}],"wp:featuredmedia":[{"embeddable":true,"href":"https:\/\/elluchador.info\/index.php?rest_route=\/wp\/v2\/media\/200110"}],"wp:attachment":[{"href":"https:\/\/elluchador.info\/index.php?rest_route=%2Fwp%2Fv2%2Fmedia&parent=200109"}],"wp:term":[{"taxonomy":"category","embeddable":true,"href":"https:\/\/elluchador.info\/index.php?rest_route=%2Fwp%2Fv2%2Fcategories&post=200109"},{"taxonomy":"post_tag","embeddable":true,"href":"https:\/\/elluchador.info\/index.php?rest_route=%2Fwp%2Fv2%2Ftags&post=200109"}],"curies":[{"name":"wp","href":"https:\/\/api.w.org\/{rel}","templated":true}]}}