{"id":200114,"date":"2021-10-08T11:04:32","date_gmt":"2021-10-08T15:04:32","guid":{"rendered":"https:\/\/elluchador.info\/web\/?p=200114"},"modified":"2021-10-08T11:04:34","modified_gmt":"2021-10-08T15:04:34","slug":"la-ops-confirmo-siete-casos-de-fiebre-amarilla-en-venezuela","status":"publish","type":"post","link":"https:\/\/elluchador.info\/?p=200114","title":{"rendered":"La OPS confirm\u00f3 siete casos de fiebre amarilla en Venezuela"},"content":{"rendered":"\n<p>La Organizaci\u00f3n Panamericana de la Salud (OPS) confirm\u00f3 en su m\u00e1s reciente&nbsp;<a href=\"https:\/\/www.paho.org\/es\/documentos\/actualizacion-epidemiologica-fiebre-amarilla-6-octubre-2021\" target=\"_blank\" rel=\"noreferrer noopener\">actualizaci\u00f3n epidemiol\u00f3gica<\/a>&nbsp;que se detectaron siete casos de fiebre amarilla en humanos en el estado Monagas.<\/p>\n\n\n\n<p>\u00abEl primer caso notificado corresponde a una adolescente de 16 a\u00f1os con antecedente vacunal que sufri\u00f3 un aborto al momento de su detecci\u00f3n. De los otros 6 casos, 5 son hombres con un rango de edad de entre los 24 y 82 a\u00f1os, todos sin antecedente vacunal\u00bb, precis\u00f3 la OPS en un documento publicado el mi\u00e9rcoles 6 de octubre.<\/p>\n\n\n\n<p>Los casos fueron confirmados con la t\u00e9cnica de reacci\u00f3n en cadena de polimerasa (PCR) en el Instituto Nacional de Higiene Rafael Rangel (Inhrr).<\/p>\n\n\n\n<p>3 de los casos reportados fueron asintom\u00e1ticos y 4 desarrollaron signos y s\u00edntomas durante la semana epidemiol\u00f3gica 38 de 2021: del 19 al 25 de septiembre. Hasta el momento no se han reportado muertes.<\/p>\n\n\n\n<p>El foco de infecci\u00f3n fue la localidad Carapal, parroquia rural del sur del municipio Matur\u00edn, de acuerdo con la OPS.<\/p>\n\n\n\n<p>La OPS tambi\u00e9n inform\u00f3 que se detectaron 10 casos en primates no humanos en Anzo\u00e1tegui y Monagas, durante las semanas epidemiol\u00f3gicas 32 y 39, entre el 8 de agosto y el 2 de octubre.<\/p>\n\n\n\n<p>Siete de los casos est\u00e1n en Monagas y tres en Anzo\u00e1tegui.<\/p>\n\n\n\n<p>Dos se confirmaron por laboratorio en el laboratorio nacional de referencia y ocho se confirmaron por nexo epidemiol\u00f3gico.<\/p>\n\n\n\n<p><strong>El Nacional<\/strong><\/p>\n","protected":false},"excerpt":{"rendered":"<p>La Organizaci\u00f3n Panamericana de la Salud (OPS) confirm\u00f3 en su m\u00e1s reciente&nbsp;actualizaci\u00f3n epidemiol\u00f3gica&nbsp;que se detectaron siete casos de fiebre amarilla en humanos en el estado Monagas. \u00abEl primer caso notificado corresponde a una adolescente de 16 a\u00f1os con antecedente vacunal que sufri\u00f3 un aborto al momento de su detecci\u00f3n. De los otros 6 casos, 5 [&hellip;]<\/p>\n","protected":false},"author":2,"featured_media":200115,"comment_status":"closed","ping_status":"closed","sticky":false,"template":"","format":"standard","meta":{"footnotes":""},"categories":[5,9,19],"tags":[],"class_list":{"0":"post-200114","1":"post","2":"type-post","3":"status-publish","4":"format-standard","5":"has-post-thumbnail","7":"category-destacado","8":"category-nacionales","9":"category-salud"},"_links":{"self":[{"href":"https:\/\/elluchador.info\/index.php?rest_route=\/wp\/v2\/posts\/200114","targetHints":{"allow":["GET"]}}],"collection":[{"href":"https:\/\/elluchador.info\/index.php?rest_route=\/wp\/v2\/posts"}],"about":[{"href":"https:\/\/elluchador.info\/index.php?rest_route=\/wp\/v2\/types\/post"}],"author":[{"embeddable":true,"href":"https:\/\/elluchador.info\/index.php?rest_route=\/wp\/v2\/users\/2"}],"replies":[{"embeddable":true,"href":"https:\/\/elluchador.info\/index.php?rest_route=%2Fwp%2Fv2%2Fcomments&post=200114"}],"version-history":[{"count":1,"href":"https:\/\/elluchador.info\/index.php?rest_route=\/wp\/v2\/posts\/200114\/revisions"}],"predecessor-version":[{"id":200116,"href":"https:\/\/elluchador.info\/index.php?rest_route=\/wp\/v2\/posts\/200114\/revisions\/200116"}],"wp:featuredmedia":[{"embeddable":true,"href":"https:\/\/elluchador.info\/index.php?rest_route=\/wp\/v2\/media\/200115"}],"wp:attachment":[{"href":"https:\/\/elluchador.info\/index.php?rest_route=%2Fwp%2Fv2%2Fmedia&parent=200114"}],"wp:term":[{"taxonomy":"category","embeddable":true,"href":"https:\/\/elluchador.info\/index.php?rest_route=%2Fwp%2Fv2%2Fcategories&post=200114"},{"taxonomy":"post_tag","embeddable":true,"href":"https:\/\/elluchador.info\/index.php?rest_route=%2Fwp%2Fv2%2Ftags&post=200114"}],"curies":[{"name":"wp","href":"https:\/\/api.w.org\/{rel}","templated":true}]}}