{"id":200141,"date":"2021-10-08T15:17:31","date_gmt":"2021-10-08T19:17:31","guid":{"rendered":"https:\/\/elluchador.info\/web\/?p=200141"},"modified":"2021-10-08T15:17:33","modified_gmt":"2021-10-08T19:17:33","slug":"plan-ciudad-bolivar-bonita-consolida-la-avenida-republica","status":"publish","type":"post","link":"https:\/\/elluchador.info\/?p=200141","title":{"rendered":"Plan Ciudad Bol\u00edvar Bonita consolida la avenida Rep\u00fablica"},"content":{"rendered":"\n<p>En aras de seguir llevando las pol\u00edticas en materia ambiental, el alcalde de Ciudad Bol\u00edvar, Sergio Hern\u00e1ndez de la mano con las empresas b\u00e1sicas e instituciones hermanas contin\u00faa con la puesta en marcha del plan Ciudad Bol\u00edvar Bonita.<\/p>\n\n\n\n<p>La m\u00e1xima autoridad local junto a su equipo de directores integrales, l\u00edderes de calle y jefes de UBCH supervisaron los trabajos ejecutados a lo largo y ancho de la vialidad.<\/p>\n\n\n\n<p>Hern\u00e1ndez explic\u00f3 que las acometidas se dividieron en tres fases, de las cuales ya est\u00e1n en la \u00faltima realizando las labores de poda de \u00e1rboles de controlada, mantenimiento de la red de alumbrado p\u00fablico y colocaci\u00f3n de luminarias LED para seguir potenciando los espacios para el bienestar del pueblo.<\/p>\n\n\n\n<p>Aprovech\u00f3 la oportunidad para agradecer al pr\u00f3ximo gobernador del estado Bol\u00edvar, \u00c1ngel Marcano por la sinergia institucional; as\u00ed como el al presidente de CVG, Pedro Maldonado y el ministro del Poder Popular de Industrias y Producci\u00f3n Nacional Jorge Arreaza; vicepresidente de Desarrollo Territorial de la Corporaci\u00f3n Venezolana de Guayana, Magdiel Brice\u00f1o; el vicepresidente de Proyectos Especiales de la Corporaci\u00f3n Venezolana de Guayana, Silvio Rodr\u00edguez; el presidente de CVG-Cabelum, N\u00e9stor D\u00edaz y todas las instituciones hermanas por seguir sumando acciones en beneficio de los bolivarenses.<\/p>\n\n\n\n<p>El l\u00edder municipal se\u00f1al\u00f3 que desde el pasado lunes los equipos integrales han efectuado las labores de barrido, desmalezamiento, desarenizaci\u00f3n, poda de \u00e1rboles de controlada, erradicaci\u00f3n de vertederos espont\u00e1neos y revitalizaci\u00f3n de los espacios.<\/p>\n\n\n\n<p>Se\u00f1al\u00f3 que el Plan Ciudad Bol\u00edvar viene a fortalecer todas las pol\u00edticas de gesti\u00f3n que se han efectuado durante estos siete a\u00f1os, ya que de la mano del presidente se contin\u00faa llevando la mayor suma de felicidad al pueblo.<\/p>\n\n\n\n<p><strong>Vialidades de primera&nbsp;<\/strong><\/p>\n\n\n\n<p>En este sentido, la directora de Servicios Generales Municipales, Sarah Lizardi explic\u00f3 que las cuadrillas de trabajo junto a la de la Secretaria de Mantenimiento de la Gobernaci\u00f3n mantienen las labores de limpieza y embellecimiento de los espacios de esta importante vialidad que inici\u00f3 desde el tramo del banco provincial, pasando por todo lo largo y ancho de la misma hasta culminar en el distribuidor Las Banderas.<\/p>\n\n\n\n<p>\u201cSomos un equipo integral al servicio del pueblo, bajo el liderazgo de nuestro alcalde Sergio Hern\u00e1ndez, hombre comprometido con los ciudadanos, quien desde hace siete a\u00f1os se ha dado a la tarea de construir el municipio Potencia\u201d, dijo Lizardi.<\/p>\n\n\n\n<p>Tambi\u00e9n el director de Infraestructura Municipal, Juan Mireles coment\u00f3 que otro frente de trabajo se encarg\u00f3 de realizar las labores de correcci\u00f3n de botes de agua, remoci\u00f3n de troncos y objetos met\u00e1licos, entre otros.<\/p>\n\n\n\n<p>Todo bajo las medidas de bioseguridad y el acompa\u00f1amiento del pueblo, quienes son los controlares sociales de una gesti\u00f3n transformadora.<\/p>\n\n\n\n<p>Alcaldia AO. <\/p>\n","protected":false},"excerpt":{"rendered":"<p>En aras de seguir llevando las pol\u00edticas en materia ambiental, el alcalde de Ciudad Bol\u00edvar, Sergio Hern\u00e1ndez de la mano con las empresas b\u00e1sicas e instituciones hermanas contin\u00faa con la puesta en marcha del plan Ciudad Bol\u00edvar Bonita. La m\u00e1xima autoridad local junto a su equipo de directores integrales, l\u00edderes de calle y jefes de [&hellip;]<\/p>\n","protected":false},"author":2,"featured_media":200142,"comment_status":"closed","ping_status":"closed","sticky":false,"template":"","format":"standard","meta":{"footnotes":""},"categories":[5,20],"tags":[],"class_list":{"0":"post-200141","1":"post","2":"type-post","3":"status-publish","4":"format-standard","5":"has-post-thumbnail","7":"category-destacado","8":"category-municipal"},"_links":{"self":[{"href":"https:\/\/elluchador.info\/index.php?rest_route=\/wp\/v2\/posts\/200141","targetHints":{"allow":["GET"]}}],"collection":[{"href":"https:\/\/elluchador.info\/index.php?rest_route=\/wp\/v2\/posts"}],"about":[{"href":"https:\/\/elluchador.info\/index.php?rest_route=\/wp\/v2\/types\/post"}],"author":[{"embeddable":true,"href":"https:\/\/elluchador.info\/index.php?rest_route=\/wp\/v2\/users\/2"}],"replies":[{"embeddable":true,"href":"https:\/\/elluchador.info\/index.php?rest_route=%2Fwp%2Fv2%2Fcomments&post=200141"}],"version-history":[{"count":1,"href":"https:\/\/elluchador.info\/index.php?rest_route=\/wp\/v2\/posts\/200141\/revisions"}],"predecessor-version":[{"id":200143,"href":"https:\/\/elluchador.info\/index.php?rest_route=\/wp\/v2\/posts\/200141\/revisions\/200143"}],"wp:featuredmedia":[{"embeddable":true,"href":"https:\/\/elluchador.info\/index.php?rest_route=\/wp\/v2\/media\/200142"}],"wp:attachment":[{"href":"https:\/\/elluchador.info\/index.php?rest_route=%2Fwp%2Fv2%2Fmedia&parent=200141"}],"wp:term":[{"taxonomy":"category","embeddable":true,"href":"https:\/\/elluchador.info\/index.php?rest_route=%2Fwp%2Fv2%2Fcategories&post=200141"},{"taxonomy":"post_tag","embeddable":true,"href":"https:\/\/elluchador.info\/index.php?rest_route=%2Fwp%2Fv2%2Ftags&post=200141"}],"curies":[{"name":"wp","href":"https:\/\/api.w.org\/{rel}","templated":true}]}}