{"id":200297,"date":"2021-10-12T19:37:48","date_gmt":"2021-10-12T23:37:48","guid":{"rendered":"https:\/\/elluchador.info\/web\/?p=200297"},"modified":"2021-10-12T19:37:49","modified_gmt":"2021-10-12T23:37:49","slug":"angel-marcano-y-sergio-hernandez-sostuvieron-reunion-con-los-productores-de-bolivar","status":"publish","type":"post","link":"https:\/\/elluchador.info\/?p=200297","title":{"rendered":"\u00c1ngel Marcano y Sergio Hern\u00e1ndez sostuvieron reuni\u00f3n con los productores de Bol\u00edvar"},"content":{"rendered":"\n<p>En los espacios de la C\u00e1mara Municipal de la Alcald\u00eda Angostura del Orinoco, se llev\u00f3 a cabo el encuentro con los productores de la regi\u00f3n, con el objetivo de escuchar las propuestas y trabajar de la mano con el proyecto Bol\u00edvar Renace.&nbsp;<\/p>\n\n\n\n<p>La reuni\u00f3n cont\u00f3 con la participaci\u00f3n del candidato a la Gobernaci\u00f3n de Bol\u00edvar, \u00c1ngel Marcano; el alcalde de la entidad, Sergio Hern\u00e1ndez; por el Ministerio de Agricultura y Tierra, Luis Avil\u00e9s, Elvis Espa\u00f1a, Alexander Marcano; por Aproagua, Radilio Bol\u00edvar, Mag\u00edn Belisario; por Aprocerbo, Harly Lezama; por Asocr\u00eda, Pedro D\u00edaz; tambi\u00e9n, Paolo Meliachi, Juan Cobritz, Sahiris Silva, Jorman Rodr\u00edguez presidenta de Agrobol\u00edvar y representantes de los productores de la regi\u00f3n.<\/p>\n\n\n\n<p>Este encuentro se dio para saber las solicitudes principales o puntuales, condiciones de cada municipio, propuestas e ideas para fortalecer el sector y; asimismo, realizar los enlaces para as\u00ed cristalizar los compromisos.<\/p>\n\n\n\n<p>\u00c1ngel Marcano, candidato a la Gobernaci\u00f3n de Bol\u00edvar, manifest\u00f3 que es necesario ser autosustentable para promover e impulsar el aparato productivo del pa\u00eds. \u201cEs maravilloso ver el amor que le tiene la gente a la tierra, que a pesar de las situaciones&nbsp; tienen ese compromiso de producir y aqu\u00ed estamos nosotros como Gobierno para ayudarlos y apoyarlos\u201d.<\/p>\n\n\n\n<p>Resalt\u00f3 que ninguna regi\u00f3n de Venezuela tiene tanta agua como Bol\u00edvar, ni tanto terreno productivo, ni gente tan buena. \u201cEl productor por lo general es de familia, es de generaci\u00f3n en generaci\u00f3n y es por eso que no han abandonado el terrero, por amor a la tierra\u201d.<\/p>\n\n\n\n<p>\u00a1En marcha!<\/p>\n\n\n\n<p>Marcano anunci\u00f3 que sostuvo un encuentro con el vicepresidente del Banco Agrario, quien aprob\u00f3 una l\u00ednea de cr\u00e9dito abierta para la compra de insumos, materia prima y equipos de trabajo.<\/p>\n\n\n\n<p>Por su parte, el alcalde de la entidad, Sergio Hern\u00e1ndez, expres\u00f3 que se est\u00e1 organizando una gran feria y, es por eso, que este encuentro es para saber qu\u00e9 se necesita para la compra de fertilizantes y las herramientas de trabajo para hacer la articulaci\u00f3n con el Ministerio de Agricultura y Tierras y Pequiven, \u201cdirectamente y sin intermediarios\u201d.<\/p>\n\n\n\n<p>Hern\u00e1ndez recalc\u00f3 la propuesta del candidato \u00c1ngel Marcano de tener un galp\u00f3n en la regi\u00f3n para que Pequiven traiga la materia prima, los insumos y se distribuyan en los 11 municipios.<\/p>\n\n\n\n<p>Tambi\u00e9n se\u00f1al\u00f3 el tema de la recuperaci\u00f3n del Parque Ferial en Ciudad Bol\u00edvar, para que cada municipio tenga una participaci\u00f3n en las instalaciones y as\u00ed impulsar el sector.<\/p>\n\n\n\n<p>\u201cSomos perseverantes, somos constantes y eso es lo que nos ha mantenido (\u2026) Vienen cosas buenas para el estado Bol\u00edvar, para ayudar al productor que d\u00eda a d\u00eda le pone un mundo y eso es lo que quiere nuestro presidente Constitucional, Nicol\u00e1s Maduro\u201d, enfatiz\u00f3 Hern\u00e1ndez.<\/p>\n\n\n\n<p>Por \u00faltimo, asegur\u00f3 que el trabajo en equipo es importante para el desarrollo de los planes y proyectos en el municipio, ya que apuestan al crecimiento econ\u00f3mico y productivo de la regi\u00f3n.\u00a0<\/p>\n\n\n\n<p><strong>(Prensa Alcald\u00eda A\/O).<\/strong><\/p>\n","protected":false},"excerpt":{"rendered":"<p>En los espacios de la C\u00e1mara Municipal de la Alcald\u00eda Angostura del Orinoco, se llev\u00f3 a cabo el encuentro con los productores de la regi\u00f3n, con el objetivo de escuchar las propuestas y trabajar de la mano con el proyecto Bol\u00edvar Renace.&nbsp; La reuni\u00f3n cont\u00f3 con la participaci\u00f3n del candidato a la Gobernaci\u00f3n de Bol\u00edvar, [&hellip;]<\/p>\n","protected":false},"author":2,"featured_media":200298,"comment_status":"closed","ping_status":"closed","sticky":false,"template":"","format":"standard","meta":{"footnotes":""},"categories":[5,11],"tags":[],"class_list":{"0":"post-200297","1":"post","2":"type-post","3":"status-publish","4":"format-standard","5":"has-post-thumbnail","7":"category-destacado","8":"category-politica"},"_links":{"self":[{"href":"https:\/\/elluchador.info\/index.php?rest_route=\/wp\/v2\/posts\/200297","targetHints":{"allow":["GET"]}}],"collection":[{"href":"https:\/\/elluchador.info\/index.php?rest_route=\/wp\/v2\/posts"}],"about":[{"href":"https:\/\/elluchador.info\/index.php?rest_route=\/wp\/v2\/types\/post"}],"author":[{"embeddable":true,"href":"https:\/\/elluchador.info\/index.php?rest_route=\/wp\/v2\/users\/2"}],"replies":[{"embeddable":true,"href":"https:\/\/elluchador.info\/index.php?rest_route=%2Fwp%2Fv2%2Fcomments&post=200297"}],"version-history":[{"count":1,"href":"https:\/\/elluchador.info\/index.php?rest_route=\/wp\/v2\/posts\/200297\/revisions"}],"predecessor-version":[{"id":200299,"href":"https:\/\/elluchador.info\/index.php?rest_route=\/wp\/v2\/posts\/200297\/revisions\/200299"}],"wp:featuredmedia":[{"embeddable":true,"href":"https:\/\/elluchador.info\/index.php?rest_route=\/wp\/v2\/media\/200298"}],"wp:attachment":[{"href":"https:\/\/elluchador.info\/index.php?rest_route=%2Fwp%2Fv2%2Fmedia&parent=200297"}],"wp:term":[{"taxonomy":"category","embeddable":true,"href":"https:\/\/elluchador.info\/index.php?rest_route=%2Fwp%2Fv2%2Fcategories&post=200297"},{"taxonomy":"post_tag","embeddable":true,"href":"https:\/\/elluchador.info\/index.php?rest_route=%2Fwp%2Fv2%2Ftags&post=200297"}],"curies":[{"name":"wp","href":"https:\/\/api.w.org\/{rel}","templated":true}]}}