{"id":200304,"date":"2021-10-12T19:50:55","date_gmt":"2021-10-12T23:50:55","guid":{"rendered":"https:\/\/elluchador.info\/web\/?p=200304"},"modified":"2021-10-12T19:50:57","modified_gmt":"2021-10-12T23:50:57","slug":"fallecio-exministro-de-la-defensa-raul-baduel-por-covid-19","status":"publish","type":"post","link":"https:\/\/elluchador.info\/?p=200304","title":{"rendered":"Falleci\u00f3 exministro de la Defensa Ra\u00fal Baduel por covid-19"},"content":{"rendered":"\n<p>El jefe del Ministerio P\u00fablico indic\u00f3 que Baduel ten\u00eda la primera dosis del ciclo de vacunaci\u00f3n contra la covid-19. De acuerdo con la versi\u00f3n oficial, el exministro recib\u00eda los cuidados m\u00e9dicos necesarios.<\/p>\n\n\n\n<p>El exministro de la Defensa y preso durante 12 a\u00f1os por acusaciones vinculadas con presuntos delitos de corrupci\u00f3n, Ra\u00fal Isa\u00edas Baduel, falleci\u00f3 por un paro cardiorrespiratorio asociado con covid-19, inform\u00f3 el fiscal Tarek William Saab, a trav\u00e9s de su cuenta de Twitter.<\/p>\n\n\n\n<p>Ra\u00fal Isa\u00edas Baduel fue un oficial muy cercano al expresidente Hugo Ch\u00e1vez, y fue clave en su restituci\u00f3n al frente del gobierno luego de los sucesos de abril de 2002. Luego ocup\u00f3 la Comandancia General del Ej\u00e9rcito entre 2004 y 2006, cuando fue designado titular del despacho de Defensa.<\/p>\n\n\n\n<p>Tuvo posiciones cr\u00edticas frente a la administraci\u00f3n del expresidente Ch\u00e1vez. En 2009 fue apresado y acusado de delitos contra la cosa p\u00fablica. Su condena inicial terminaba en 2017, pero luego de haber sido puesto en libertad condicional en 2015, fue nuevamente detenido. Se manten\u00eda en presidio porque se le hicieron nuevas acusaciones por presuntos delitos contra la integridad de la naci\u00f3n.<\/p>\n\n\n\n<p>Banca y Negocios<\/p>\n","protected":false},"excerpt":{"rendered":"<p>El jefe del Ministerio P\u00fablico indic\u00f3 que Baduel ten\u00eda la primera dosis del ciclo de vacunaci\u00f3n contra la covid-19. De acuerdo con la versi\u00f3n oficial, el exministro recib\u00eda los cuidados m\u00e9dicos necesarios. El exministro de la Defensa y preso durante 12 a\u00f1os por acusaciones vinculadas con presuntos delitos de corrupci\u00f3n, Ra\u00fal Isa\u00edas Baduel, falleci\u00f3 por [&hellip;]<\/p>\n","protected":false},"author":2,"featured_media":200305,"comment_status":"closed","ping_status":"closed","sticky":false,"template":"","format":"standard","meta":{"footnotes":""},"categories":[5,9],"tags":[],"class_list":{"0":"post-200304","1":"post","2":"type-post","3":"status-publish","4":"format-standard","5":"has-post-thumbnail","7":"category-destacado","8":"category-nacionales"},"_links":{"self":[{"href":"https:\/\/elluchador.info\/index.php?rest_route=\/wp\/v2\/posts\/200304","targetHints":{"allow":["GET"]}}],"collection":[{"href":"https:\/\/elluchador.info\/index.php?rest_route=\/wp\/v2\/posts"}],"about":[{"href":"https:\/\/elluchador.info\/index.php?rest_route=\/wp\/v2\/types\/post"}],"author":[{"embeddable":true,"href":"https:\/\/elluchador.info\/index.php?rest_route=\/wp\/v2\/users\/2"}],"replies":[{"embeddable":true,"href":"https:\/\/elluchador.info\/index.php?rest_route=%2Fwp%2Fv2%2Fcomments&post=200304"}],"version-history":[{"count":1,"href":"https:\/\/elluchador.info\/index.php?rest_route=\/wp\/v2\/posts\/200304\/revisions"}],"predecessor-version":[{"id":200306,"href":"https:\/\/elluchador.info\/index.php?rest_route=\/wp\/v2\/posts\/200304\/revisions\/200306"}],"wp:featuredmedia":[{"embeddable":true,"href":"https:\/\/elluchador.info\/index.php?rest_route=\/wp\/v2\/media\/200305"}],"wp:attachment":[{"href":"https:\/\/elluchador.info\/index.php?rest_route=%2Fwp%2Fv2%2Fmedia&parent=200304"}],"wp:term":[{"taxonomy":"category","embeddable":true,"href":"https:\/\/elluchador.info\/index.php?rest_route=%2Fwp%2Fv2%2Fcategories&post=200304"},{"taxonomy":"post_tag","embeddable":true,"href":"https:\/\/elluchador.info\/index.php?rest_route=%2Fwp%2Fv2%2Ftags&post=200304"}],"curies":[{"name":"wp","href":"https:\/\/api.w.org\/{rel}","templated":true}]}}