{"id":200307,"date":"2021-10-12T19:57:06","date_gmt":"2021-10-12T23:57:06","guid":{"rendered":"https:\/\/elluchador.info\/web\/?p=200307"},"modified":"2021-10-12T19:57:08","modified_gmt":"2021-10-12T23:57:08","slug":"saab-casi-3-mil-venezolanos-han-muerto-victimas-del-odio-y-la-xenofobia","status":"publish","type":"post","link":"https:\/\/elluchador.info\/?p=200307","title":{"rendered":"Saab: Casi 3 mil  venezolanos han muerto, v\u00edctimas del odio y la xenofobia"},"content":{"rendered":"\n<p>Y \u00abentre enero y agosto del a\u00f1o 2021 fueron asesinados en Colombia otros 362 venezolanos\u00bb, remarc\u00f3 Saab, basado en informes de la ONG Consultor\u00eda para los Derechos Humanos y Desplazamiento (CODHES).<\/p>\n\n\n\n<p>El fiscal general de la Rep\u00fablica, Tarek William Saab, denunci\u00f3 este martes el \u00abasesinato masivo\u00bb de migrantes venezolanos en Colombia, tras la \u00abejecuci\u00f3n extrajudicial\u00bb de dos adolescentes de 12 y 18 a\u00f1os en una regi\u00f3n fronteriza.<\/p>\n\n\n\n<p>\u00abEste no es un hecho aislado, no es un hecho excepcional, al menos 1.933 migrantes venezolanos fueron asesinados, y otros 836 fueron dados por desaparecidos\u00bb, entre 2015 y 2020, se\u00f1al\u00f3 Saab en declaraciones transmitidas por la televisi\u00f3n gubernamental.<\/p>\n\n\n\n<p>\u00abLa cifra&nbsp;de manera aterradora puede llegar aproximadamente a los 3.000 venezolanos muertos v\u00edctimas del odio, de la xenofobia\u00bb, sentenci\u00f3 Saab, al acusar el \u00abasesinato masivo de venezolanos en Colombia\u201d.<\/p>\n\n\n\n<p>Naciones Unidas y autoridades colombianas investigan la ejecuci\u00f3n de los menores venezolanos, que fueron baleados luego de haber sido se\u00f1alados de robar un almac\u00e9n en el violento municipio de Tib\u00fa, en el noreste&nbsp;del pa\u00eds.<\/p>\n\n\n\n<p>En videos y fotos difundidas en redes sociales, se ve a los adolescentes cabizbajos y las manos atadas hacia adelante con cinta adhesiva mientras una persona fuera de c\u00e1mara los acusa de \u00abladroncitos\u00bb.<\/p>\n\n\n\n<p>Sus cuerpos fueron encontrados m\u00e1s tarde y segu\u00edan con las manos amarradas.<\/p>\n\n\n\n<p>Un cart\u00f3n con la palabra \u00abladrones\u00bb escrita a mano reposaba sobre el cuerpo del m\u00e1s peque\u00f1o, tirado bocabajo con una mochila roja e identificado por autoridades venezolanas como Alexander Jos\u00e9 Fern\u00e1ndez Rodr\u00edguez.<\/p>\n\n\n\n<p>\u00abOpinamos que tan responsables son los autores materiales como el sujeto que graba el video, pues no solo hace apolog\u00eda del delito, si no que entrega a los ni\u00f1os a la muerte\u00bb, observ\u00f3 Saab que en la v\u00edspera env\u00edo una comunicaci\u00f3n a su par colombiano para pedir que se esclarezcan los hechos y detengan a los responsables.<\/p>\n\n\n\n<p>La polic\u00eda colombiana responsabiliza de ambos cr\u00edmenes a las disidencias de la exguerrilla de las FARC (Fuerzas Armadas Revolucionarias de Colombia) que se apartaron del acuerdo de paz firmado en 2016.<\/p>\n\n\n\n<p>Tib\u00fa concentra la mayor cantidad de narcocultivos de Colombia con m\u00e1s de 19.000 hect\u00e1reas sembradas de hoja de coca, seg\u00fan la ONU.<\/p>\n\n\n\n<p>\u00abSon delitos y cr\u00edmenes de lesa humanidad\u00bb, expres\u00f3 Saab, que atribuye la ola migratoria a las consecuencias de sanciones financieras de Estados Unidos para forzar la salida del presidente Nicol\u00e1s Maduro.<\/p>\n\n\n\n<p>Seg\u00fan la ONU, m\u00e1s de cinco millones de venezolanos han dejado su pa\u00eds, huyendo de una grave crisis. Colombia ha sido el principal lugar de acogida, con 1,7 millones de migrantes, m\u00e1s de la mitad indocumentados.<\/p>\n\n\n\n<p>Banca y Negocios<\/p>\n","protected":false},"excerpt":{"rendered":"<p>Y \u00abentre enero y agosto del a\u00f1o 2021 fueron asesinados en Colombia otros 362 venezolanos\u00bb, remarc\u00f3 Saab, basado en informes de la ONG Consultor\u00eda para los Derechos Humanos y Desplazamiento (CODHES). El fiscal general de la Rep\u00fablica, Tarek William Saab, denunci\u00f3 este martes el \u00abasesinato masivo\u00bb de migrantes venezolanos en Colombia, tras la \u00abejecuci\u00f3n extrajudicial\u00bb [&hellip;]<\/p>\n","protected":false},"author":2,"featured_media":180017,"comment_status":"closed","ping_status":"closed","sticky":false,"template":"","format":"standard","meta":{"footnotes":""},"categories":[5,9],"tags":[],"class_list":{"0":"post-200307","1":"post","2":"type-post","3":"status-publish","4":"format-standard","5":"has-post-thumbnail","7":"category-destacado","8":"category-nacionales"},"_links":{"self":[{"href":"https:\/\/elluchador.info\/index.php?rest_route=\/wp\/v2\/posts\/200307","targetHints":{"allow":["GET"]}}],"collection":[{"href":"https:\/\/elluchador.info\/index.php?rest_route=\/wp\/v2\/posts"}],"about":[{"href":"https:\/\/elluchador.info\/index.php?rest_route=\/wp\/v2\/types\/post"}],"author":[{"embeddable":true,"href":"https:\/\/elluchador.info\/index.php?rest_route=\/wp\/v2\/users\/2"}],"replies":[{"embeddable":true,"href":"https:\/\/elluchador.info\/index.php?rest_route=%2Fwp%2Fv2%2Fcomments&post=200307"}],"version-history":[{"count":1,"href":"https:\/\/elluchador.info\/index.php?rest_route=\/wp\/v2\/posts\/200307\/revisions"}],"predecessor-version":[{"id":200308,"href":"https:\/\/elluchador.info\/index.php?rest_route=\/wp\/v2\/posts\/200307\/revisions\/200308"}],"wp:featuredmedia":[{"embeddable":true,"href":"https:\/\/elluchador.info\/index.php?rest_route=\/wp\/v2\/media\/180017"}],"wp:attachment":[{"href":"https:\/\/elluchador.info\/index.php?rest_route=%2Fwp%2Fv2%2Fmedia&parent=200307"}],"wp:term":[{"taxonomy":"category","embeddable":true,"href":"https:\/\/elluchador.info\/index.php?rest_route=%2Fwp%2Fv2%2Fcategories&post=200307"},{"taxonomy":"post_tag","embeddable":true,"href":"https:\/\/elluchador.info\/index.php?rest_route=%2Fwp%2Fv2%2Ftags&post=200307"}],"curies":[{"name":"wp","href":"https:\/\/api.w.org\/{rel}","templated":true}]}}