{"id":200311,"date":"2021-10-12T20:03:57","date_gmt":"2021-10-13T00:03:57","guid":{"rendered":"https:\/\/elluchador.info\/web\/?p=200311"},"modified":"2021-10-12T20:03:59","modified_gmt":"2021-10-13T00:03:59","slug":"en-venezuela-se-conmemoro-el-dia-de-la-resistencia-indigena","status":"publish","type":"post","link":"https:\/\/elluchador.info\/?p=200311","title":{"rendered":"En Venezuela se conmemor\u00f3 el D\u00eda de la Resistencia Ind\u00edgena"},"content":{"rendered":"\n<p>Los actos iniciaron con la izada de la Bandera en el Pante\u00f3n Nacional, ubicado en la ciudad de Caracas.<\/p>\n\n\n\n<p>En horas de la ma\u00f1ana las autoridades nacionales conmemoraron el D\u00eda de la Resistencia Ind\u00edgena en el marco de sus 529 a\u00f1os.<\/p>\n\n\n\n<p>El ministro de Interior Justica y Paz, Remigio Ceballos, reconoci\u00f3 la lucha que ejercieron los pueblos ind\u00edgenas con la llegada de los espa\u00f1oles al continente americano.<\/p>\n\n\n\n<blockquote class=\"wp-block-quote is-layout-flow wp-block-quote-is-layout-flow\"><p>\u00abNosotros los venezolanos llevamos en el coraz\u00f3n las luchas por la resistencia ind\u00edgena y esas mismas luchas son las que nos llevaron a lograr alcanzar la victoria en Carabobo hasta Ayacucho\u00bb, expres\u00f3.<\/p><\/blockquote>\n\n\n\n<p>En el acto estuvieron presente autoridades gubernamentales, integrantes de la Fuerza Armada Nacional Bolivariana y representantes de los pueblos ind\u00edgenas.<\/p>\n\n\n\n<p>Uni\u00f3n Radio <\/p>\n","protected":false},"excerpt":{"rendered":"<p>Los actos iniciaron con la izada de la Bandera en el Pante\u00f3n Nacional, ubicado en la ciudad de Caracas. En horas de la ma\u00f1ana las autoridades nacionales conmemoraron el D\u00eda de la Resistencia Ind\u00edgena en el marco de sus 529 a\u00f1os. El ministro de Interior Justica y Paz, Remigio Ceballos, reconoci\u00f3 la lucha que ejercieron [&hellip;]<\/p>\n","protected":false},"author":2,"featured_media":200312,"comment_status":"closed","ping_status":"closed","sticky":false,"template":"","format":"standard","meta":{"footnotes":""},"categories":[5,9],"tags":[],"class_list":{"0":"post-200311","1":"post","2":"type-post","3":"status-publish","4":"format-standard","5":"has-post-thumbnail","7":"category-destacado","8":"category-nacionales"},"_links":{"self":[{"href":"https:\/\/elluchador.info\/index.php?rest_route=\/wp\/v2\/posts\/200311","targetHints":{"allow":["GET"]}}],"collection":[{"href":"https:\/\/elluchador.info\/index.php?rest_route=\/wp\/v2\/posts"}],"about":[{"href":"https:\/\/elluchador.info\/index.php?rest_route=\/wp\/v2\/types\/post"}],"author":[{"embeddable":true,"href":"https:\/\/elluchador.info\/index.php?rest_route=\/wp\/v2\/users\/2"}],"replies":[{"embeddable":true,"href":"https:\/\/elluchador.info\/index.php?rest_route=%2Fwp%2Fv2%2Fcomments&post=200311"}],"version-history":[{"count":1,"href":"https:\/\/elluchador.info\/index.php?rest_route=\/wp\/v2\/posts\/200311\/revisions"}],"predecessor-version":[{"id":200313,"href":"https:\/\/elluchador.info\/index.php?rest_route=\/wp\/v2\/posts\/200311\/revisions\/200313"}],"wp:featuredmedia":[{"embeddable":true,"href":"https:\/\/elluchador.info\/index.php?rest_route=\/wp\/v2\/media\/200312"}],"wp:attachment":[{"href":"https:\/\/elluchador.info\/index.php?rest_route=%2Fwp%2Fv2%2Fmedia&parent=200311"}],"wp:term":[{"taxonomy":"category","embeddable":true,"href":"https:\/\/elluchador.info\/index.php?rest_route=%2Fwp%2Fv2%2Fcategories&post=200311"},{"taxonomy":"post_tag","embeddable":true,"href":"https:\/\/elluchador.info\/index.php?rest_route=%2Fwp%2Fv2%2Ftags&post=200311"}],"curies":[{"name":"wp","href":"https:\/\/api.w.org\/{rel}","templated":true}]}}