{"id":200314,"date":"2021-10-12T20:09:09","date_gmt":"2021-10-13T00:09:09","guid":{"rendered":"https:\/\/elluchador.info\/web\/?p=200314"},"modified":"2021-10-12T20:09:11","modified_gmt":"2021-10-13T00:09:11","slug":"delcy-rodriguez-llevaremos-ante-la-onu-el-abominable-asesinato-de-ninos-venezolanos-en-colombia","status":"publish","type":"post","link":"https:\/\/elluchador.info\/?p=200314","title":{"rendered":"Delcy Rodr\u00edguez: Llevaremos ante la ONU el \u00ababominable asesinato\u00bb de ni\u00f1os venezolanos en Colombia"},"content":{"rendered":"\n<p>La vicepresidenta&nbsp;<strong>Delcy Rodr\u00edguez<\/strong>, inform\u00f3 que llevar\u00e1n ante la Organizaci\u00f3n de las Naciones Unidas (ONU), el \u00ababominable asesinato\u00bb de ni\u00f1os venezolanos ocurridos en el casco urbano del municipio de Tib\u00fa, al norte de Santander, Colombia.<\/p>\n\n\n\n<p>En un mensaje publicado en las redes sociales, indic\u00f3 que el canciller venezolano F\u00e9lix Plasencia, elevar\u00e1 la denuncia ante el secretario general ONU, Antonio Guterres, y la Alta Comisionada para los DDHH, Michelle Bachelet para que el \u00abcrimen no quede impune\u00bb.<\/p>\n\n\n\n<p>Rodr\u00edguez insisti\u00f3 en que el presidente Iv\u00e1n Duque \u00abpromueve el odio, la discriminaci\u00f3n y xenofobia\u00bb contra los migrantes venezolanos, por lo que acudir\u00e1n a las instancias internacionales correspondientes para que \u00abse determine su responsabilidad en estos actos de exterminio deliberados contra nuestros connacionales\u00bb.<\/p>\n\n\n\n<blockquote class=\"wp-block-quote is-layout-flow wp-block-quote-is-layout-flow\"><p>\u00abIv\u00e1n Duque es el responsable directo por el exterminio de venezolanos\u00bb, dijo en el Twitter.<\/p><\/blockquote>\n\n\n\n<p>Este martes el fiscal general\u00a0<a href=\"https:\/\/unionradio.net\/mp-exige-investigar-asesinato-de-dos-menores-venezolanos-en-colombia\/\">Tarek William Saab<\/a>, denunci\u00f3 lo ocurrido con los dos ni\u00f1os venezolanos el pasado 9 de octubre en un almac\u00e9n de Colombia y responsabiliz\u00f3 al gobierno neogranadino.<\/p>\n\n\n\n<p>Uni\u00f3n Radio <\/p>\n","protected":false},"excerpt":{"rendered":"<p>La vicepresidenta&nbsp;Delcy Rodr\u00edguez, inform\u00f3 que llevar\u00e1n ante la Organizaci\u00f3n de las Naciones Unidas (ONU), el \u00ababominable asesinato\u00bb de ni\u00f1os venezolanos ocurridos en el casco urbano del municipio de Tib\u00fa, al norte de Santander, Colombia. En un mensaje publicado en las redes sociales, indic\u00f3 que el canciller venezolano F\u00e9lix Plasencia, elevar\u00e1 la denuncia ante el secretario [&hellip;]<\/p>\n","protected":false},"author":2,"featured_media":182019,"comment_status":"closed","ping_status":"closed","sticky":false,"template":"","format":"standard","meta":{"footnotes":""},"categories":[5,9],"tags":[],"class_list":{"0":"post-200314","1":"post","2":"type-post","3":"status-publish","4":"format-standard","5":"has-post-thumbnail","7":"category-destacado","8":"category-nacionales"},"_links":{"self":[{"href":"https:\/\/elluchador.info\/index.php?rest_route=\/wp\/v2\/posts\/200314","targetHints":{"allow":["GET"]}}],"collection":[{"href":"https:\/\/elluchador.info\/index.php?rest_route=\/wp\/v2\/posts"}],"about":[{"href":"https:\/\/elluchador.info\/index.php?rest_route=\/wp\/v2\/types\/post"}],"author":[{"embeddable":true,"href":"https:\/\/elluchador.info\/index.php?rest_route=\/wp\/v2\/users\/2"}],"replies":[{"embeddable":true,"href":"https:\/\/elluchador.info\/index.php?rest_route=%2Fwp%2Fv2%2Fcomments&post=200314"}],"version-history":[{"count":1,"href":"https:\/\/elluchador.info\/index.php?rest_route=\/wp\/v2\/posts\/200314\/revisions"}],"predecessor-version":[{"id":200315,"href":"https:\/\/elluchador.info\/index.php?rest_route=\/wp\/v2\/posts\/200314\/revisions\/200315"}],"wp:featuredmedia":[{"embeddable":true,"href":"https:\/\/elluchador.info\/index.php?rest_route=\/wp\/v2\/media\/182019"}],"wp:attachment":[{"href":"https:\/\/elluchador.info\/index.php?rest_route=%2Fwp%2Fv2%2Fmedia&parent=200314"}],"wp:term":[{"taxonomy":"category","embeddable":true,"href":"https:\/\/elluchador.info\/index.php?rest_route=%2Fwp%2Fv2%2Fcategories&post=200314"},{"taxonomy":"post_tag","embeddable":true,"href":"https:\/\/elluchador.info\/index.php?rest_route=%2Fwp%2Fv2%2Ftags&post=200314"}],"curies":[{"name":"wp","href":"https:\/\/api.w.org\/{rel}","templated":true}]}}