{"id":200316,"date":"2021-10-12T20:11:28","date_gmt":"2021-10-13T00:11:28","guid":{"rendered":"https:\/\/elluchador.info\/web\/?p=200316"},"modified":"2021-10-12T20:11:30","modified_gmt":"2021-10-13T00:11:30","slug":"indigenas-de-mexico-marcharon-por-la-resistencia-de-pueblos-originarios","status":"publish","type":"post","link":"https:\/\/elluchador.info\/?p=200316","title":{"rendered":"Ind\u00edgenas de M\u00e9xico marcharon por la resistencia de pueblos originarios"},"content":{"rendered":"\n<p>Durante su trayecto realizaron pintas en edificios p\u00fablicos y cantaron consignas en contra\u00a0del Estado mexicano.<\/p>\n\n\n\n<p>Este 12 de octubre, cuando se conmemora el arribo de los espa\u00f1oles a Am\u00e9rica, los manifestantes enfocaron tambi\u00e9n sus protestas en contra del Estado mexicano para pedir, con pancartas y palos en mano, libertad y justicia para los \u00abpresos pol\u00edticos\u00bb ind\u00edgenas.<\/p>\n\n\n\n<p>Decenas de ind\u00edgenas marcharon este martes, D\u00eda de la Raza, en el municipio de San Crist\u00f3bal de las Casas, en el suroriental estado de Chiapas, para conmemorar los 529 a\u00f1os de la \u00abresistencia\u00bb de los pueblos originarios de Am\u00e9rica.<\/p>\n\n\n\n<p>Los manifestantes se\u00f1alaron que a pesar de que hay leyes y garant\u00edas sobre los derechos humanos ind\u00edgenas falta mucho por hacer, pues todav\u00eda existe el olvido de los pueblos originarios.<\/p>\n\n\n\n<p>\u201cNosotros hemos caminado de forma pac\u00edfica por muchos a\u00f1os. Nuestra forma de organizaci\u00f3n est\u00e1 basada en la consulta con los pueblos y en el trabajo colectivo de las asambleas\u201d, expres\u00f3 a medios Javier P\u00e9rez P\u00e9rez,\u00a0\u00a0integrante del Frente Nacional de Lucha por el Socialismo (FNLS). <\/p>\n\n\n\n<p>Los protestantes refirieron durante el mitin que este d\u00eda van a recordar a todos los que por&nbsp;muchos a\u00f1os encontraron las formas de resistir a&nbsp;la dominaci\u00f3n y al despojo.<\/p>\n\n\n\n<p>EFE<\/p>\n","protected":false},"excerpt":{"rendered":"<p>Durante su trayecto realizaron pintas en edificios p\u00fablicos y cantaron consignas en contra\u00a0del Estado mexicano. Este 12 de octubre, cuando se conmemora el arribo de los espa\u00f1oles a Am\u00e9rica, los manifestantes enfocaron tambi\u00e9n sus protestas en contra del Estado mexicano para pedir, con pancartas y palos en mano, libertad y justicia para los \u00abpresos pol\u00edticos\u00bb [&hellip;]<\/p>\n","protected":false},"author":2,"featured_media":200317,"comment_status":"closed","ping_status":"closed","sticky":false,"template":"","format":"standard","meta":{"footnotes":""},"categories":[5,8],"tags":[],"class_list":{"0":"post-200316","1":"post","2":"type-post","3":"status-publish","4":"format-standard","5":"has-post-thumbnail","7":"category-destacado","8":"category-internacionales"},"_links":{"self":[{"href":"https:\/\/elluchador.info\/index.php?rest_route=\/wp\/v2\/posts\/200316","targetHints":{"allow":["GET"]}}],"collection":[{"href":"https:\/\/elluchador.info\/index.php?rest_route=\/wp\/v2\/posts"}],"about":[{"href":"https:\/\/elluchador.info\/index.php?rest_route=\/wp\/v2\/types\/post"}],"author":[{"embeddable":true,"href":"https:\/\/elluchador.info\/index.php?rest_route=\/wp\/v2\/users\/2"}],"replies":[{"embeddable":true,"href":"https:\/\/elluchador.info\/index.php?rest_route=%2Fwp%2Fv2%2Fcomments&post=200316"}],"version-history":[{"count":1,"href":"https:\/\/elluchador.info\/index.php?rest_route=\/wp\/v2\/posts\/200316\/revisions"}],"predecessor-version":[{"id":200318,"href":"https:\/\/elluchador.info\/index.php?rest_route=\/wp\/v2\/posts\/200316\/revisions\/200318"}],"wp:featuredmedia":[{"embeddable":true,"href":"https:\/\/elluchador.info\/index.php?rest_route=\/wp\/v2\/media\/200317"}],"wp:attachment":[{"href":"https:\/\/elluchador.info\/index.php?rest_route=%2Fwp%2Fv2%2Fmedia&parent=200316"}],"wp:term":[{"taxonomy":"category","embeddable":true,"href":"https:\/\/elluchador.info\/index.php?rest_route=%2Fwp%2Fv2%2Fcategories&post=200316"},{"taxonomy":"post_tag","embeddable":true,"href":"https:\/\/elluchador.info\/index.php?rest_route=%2Fwp%2Fv2%2Ftags&post=200316"}],"curies":[{"name":"wp","href":"https:\/\/api.w.org\/{rel}","templated":true}]}}