{"id":200319,"date":"2021-10-12T20:14:13","date_gmt":"2021-10-13T00:14:13","guid":{"rendered":"https:\/\/elluchador.info\/web\/?p=200319"},"modified":"2021-10-12T20:14:15","modified_gmt":"2021-10-13T00:14:15","slug":"en-argentina-indigenas-manifestaron-por-propiedad-de-la-tierra","status":"publish","type":"post","link":"https:\/\/elluchador.info\/?p=200319","title":{"rendered":"En Argentina, ind\u00edgenas manifestaron por propiedad de la tierra"},"content":{"rendered":"\n<p>Diversas comunidades ind\u00edgenas se manifestaron este martes ante el Congreso argentino para reclamar, en el marco del D\u00eda del Respeto a la Diversidad Cultural, la pr\u00f3rroga de la ley 26.160 que declara la \u00abemergencia territorial\u00bb de los pueblos originarios y proh\u00edbe los desalojos de las tierras que habitan.<\/p>\n\n\n\n<p>Esta normativa, aprobada a finales de 2006 por un plazo de cuatro a\u00f1os y prorrogada en tres ocasiones, vence el pr\u00f3ximo noviembre, por lo que estos grupos se manifestaron para exigir su extensi\u00f3n y para dotarla de m\u00e1s presupuesto.<\/p>\n\n\n\n<blockquote class=\"wp-block-quote is-layout-flow wp-block-quote-is-layout-flow\"><p>\u00abLas tres pr\u00f3rrogas que existieron implican que esta ley debe hacer un relevamiento de los pueblos originarios, para eso se necesita presupuesto y el presupuesto nunca lleg\u00f3, as\u00ed que indudablemente es una ley muerta\u00bb, lament\u00f3 en declaraciones a Efe Enrique Mamani, presidente de la Organizaci\u00f3n de Comunidades de Pueblos Originarios (Orcopo).<\/p><\/blockquote>\n\n\n\n<p>Desde las entidades ind\u00edgenas tambi\u00e9n pidieron la aprobaci\u00f3n de una ley de propiedad comunitaria, en aras de obtener los t\u00edtulos de propiedad de sus territorios y terminar con la \u00abinseguridad jur\u00eddica\u00bb que padecen estas comunidades, asegur\u00f3 Benito Esp\u00edndola, uno de los manifestantes frente al Congreso argentino.<\/p>\n\n\n\n<p>De hecho, seg\u00fan Enrique Mamani, tanto la prorrogaci\u00f3n de la ley de emergencia como la tramitaci\u00f3n de la ley de propiedad comunitaria suponen un \u00absalvoconducto\u00bb para conservar la \u00abcultura\u00bb y la \u00abfilosof\u00eda\u00bb de las comunidades ind\u00edgenas.<\/p>\n\n\n\n<p>EFE<a href=\"https:\/\/unionradio.net\/decretan-estado-de-excepcion-en-zonas-de-chile-por-conflictos-publicos\/\"><\/a><a href=\"https:\/\/unionradio.net\/mexico-exige-a-los-talibanes-respetar-los-derechos-de-mujeres-y-ninas-de-afganistan\/\"><\/a><\/p>\n","protected":false},"excerpt":{"rendered":"<p>Diversas comunidades ind\u00edgenas se manifestaron este martes ante el Congreso argentino para reclamar, en el marco del D\u00eda del Respeto a la Diversidad Cultural, la pr\u00f3rroga de la ley 26.160 que declara la \u00abemergencia territorial\u00bb de los pueblos originarios y proh\u00edbe los desalojos de las tierras que habitan. Esta normativa, aprobada a finales de 2006 [&hellip;]<\/p>\n","protected":false},"author":2,"featured_media":200320,"comment_status":"closed","ping_status":"closed","sticky":false,"template":"","format":"standard","meta":{"footnotes":""},"categories":[8],"tags":[],"class_list":{"0":"post-200319","1":"post","2":"type-post","3":"status-publish","4":"format-standard","5":"has-post-thumbnail","7":"category-internacionales"},"_links":{"self":[{"href":"https:\/\/elluchador.info\/index.php?rest_route=\/wp\/v2\/posts\/200319","targetHints":{"allow":["GET"]}}],"collection":[{"href":"https:\/\/elluchador.info\/index.php?rest_route=\/wp\/v2\/posts"}],"about":[{"href":"https:\/\/elluchador.info\/index.php?rest_route=\/wp\/v2\/types\/post"}],"author":[{"embeddable":true,"href":"https:\/\/elluchador.info\/index.php?rest_route=\/wp\/v2\/users\/2"}],"replies":[{"embeddable":true,"href":"https:\/\/elluchador.info\/index.php?rest_route=%2Fwp%2Fv2%2Fcomments&post=200319"}],"version-history":[{"count":1,"href":"https:\/\/elluchador.info\/index.php?rest_route=\/wp\/v2\/posts\/200319\/revisions"}],"predecessor-version":[{"id":200321,"href":"https:\/\/elluchador.info\/index.php?rest_route=\/wp\/v2\/posts\/200319\/revisions\/200321"}],"wp:featuredmedia":[{"embeddable":true,"href":"https:\/\/elluchador.info\/index.php?rest_route=\/wp\/v2\/media\/200320"}],"wp:attachment":[{"href":"https:\/\/elluchador.info\/index.php?rest_route=%2Fwp%2Fv2%2Fmedia&parent=200319"}],"wp:term":[{"taxonomy":"category","embeddable":true,"href":"https:\/\/elluchador.info\/index.php?rest_route=%2Fwp%2Fv2%2Fcategories&post=200319"},{"taxonomy":"post_tag","embeddable":true,"href":"https:\/\/elluchador.info\/index.php?rest_route=%2Fwp%2Fv2%2Ftags&post=200319"}],"curies":[{"name":"wp","href":"https:\/\/api.w.org\/{rel}","templated":true}]}}