{"id":200322,"date":"2021-10-12T20:21:24","date_gmt":"2021-10-13T00:21:24","guid":{"rendered":"https:\/\/elluchador.info\/web\/?p=200322"},"modified":"2021-10-12T20:21:26","modified_gmt":"2021-10-13T00:21:26","slug":"gobernador-de-florida-dijo-que-se-celebra-dia-de-colon-no-el-dia-de-los-pueblos-indigenas","status":"publish","type":"post","link":"https:\/\/elluchador.info\/?p=200322","title":{"rendered":"Gobernador de Florida dijo que se celebra \u00abD\u00eda de Col\u00f3n\u00bb no el d\u00eda de los \u00abPueblos Ind\u00edgenas\u00bb"},"content":{"rendered":"\n<p>\u00abAunque los radicales de mala fe intentan borrar este d\u00eda de la historia,<strong>&nbsp;no permitiremos que se borren los cimientos de Estados Unidos.<\/strong>&nbsp;Por el contrario, aprenderemos de nuestra historia y veremos nuestra historia como una pieza fundamental de la creaci\u00f3n del mundo occidental\u00bb, se\u00f1al\u00f3 DeSantis en su mensaje.<\/p>\n\n\n\n<p>El<strong>&nbsp;gobernador de Florida, Ron DeSantis,<\/strong>&nbsp;defendi\u00f3 este martes la conmemoraci\u00f3n del viaje de Crist\u00f3bal Col\u00f3n que llev\u00f3 al descubrimiento de Am\u00e9rica en 1492 como una celebraci\u00f3n de una \u00abpieza fundamental de la creaci\u00f3n del mundo occidental\u00bb.<\/p>\n\n\n\n<p>En un breve\u00a0mensaje de felicitaci\u00f3n por el D\u00eda de Col\u00f3n,\u00a0que en Estados Unidos se celebra el lunes m\u00e1s cercano al 12 de octubre,\u00a0DeSantis critic\u00f3 veladamente la decisi\u00f3n del presidente Joe Biden de declararlo el D\u00eda de los Pueblos Ind\u00edgenas.<\/p>\n\n\n\n<p>El gobernador republicano, que busca la reelecci\u00f3n en 2022 y del que se dice que tiene aspiraciones presidenciales,&nbsp;<strong>est\u00e1 enfrentado abiertamente a Biden,<\/strong>&nbsp;especialmente en lo que se refiere al manejo de la covid-19, pero tambi\u00e9n en cuanto a la pol\u00edtica migratoria.<\/p>\n\n\n\n<blockquote class=\"wp-block-quote is-layout-flow wp-block-quote-is-layout-flow\"><p>Sin mencionar a Espa\u00f1a, cuya Corona financi\u00f3 el viaje de Col\u00f3n en busca de una ruta m\u00e1s corta para llegar a las Indias,\u00a0DeSantis destac\u00f3\u00a0el ansia de \u00abdescubrimiento y logro\u00bb que llev\u00f3 al almirante hasta la isla hoy llamada La Espa\u00f1ola (Rep\u00fablica Dominicana y Hait\u00ed).<\/p><\/blockquote>\n\n\n\n<p>\u00abSu viaje hist\u00f3rico condujo a la fundaci\u00f3n de lo que m\u00e1s tarde se convertir\u00eda en la naci\u00f3n m\u00e1s grande en la historia del mundo, y fue el comienzo de la verdadera Am\u00e9rica\u00bb, dijo el gobernador de Florida, un estado con un importante componente de su poblaci\u00f3n de origen hispano.<\/p>\n\n\n\n<p>DeSantis asever\u00f3 que los estadounidenses van a seguir su estela \u00abhaciendo grandes descubrimientos que dar\u00e1n forma a nuestro mundo en los a\u00f1os, d\u00e9cadas y siglos venideros\u00bb.<\/p>\n\n\n\n<p>Hasta entonces, \u00abpodemos mirar hacia atr\u00e1s en el coraje y la b\u00fasqueda del conocimiento demostrados por Col\u00f3n hace siglos como un momento decisivo, y uno que&nbsp;<strong>celebraremos hoy en el D\u00eda de Col\u00f3n\u00bb.<\/strong><\/p>\n\n\n\n<p>El presidente Biden celebr\u00f3 este viernes el legado de los italianos tras el descubrimiento de Am\u00e9rica por parte de Crist\u00f3bal Col\u00f3n y reconoci\u00f3 el sufrimiento de los nativos americanos a manos de los exploradores europeos.<\/p>\n\n\n\n<p>Con este paso, el dem\u00f3crata se convierte en el primer presidente de EE.UU. en marcar como festividad el D\u00eda de los Pueblos Ind\u00edgenas.<\/p>\n\n\n\n<blockquote class=\"wp-block-quote is-layout-flow wp-block-quote-is-layout-flow\"><p>En la proclamaci\u00f3n del D\u00eda de Col\u00f3n, Biden subray\u00f3 que&nbsp;<strong>hay que dejar que esta jornada \u00absea de reflexi\u00f3n sobre el esp\u00edritu de la exploraci\u00f3n de Am\u00e9rica, el coraje y las contribuciones de los italo-estadounidenses a lo largo de generaciones,<\/strong>&nbsp;y sobre la dignidad y la resiliencia de las naciones tribales y las comunidades ind\u00edgenas\u00bb.<\/p><\/blockquote>\n\n\n\n<p>Biden destac\u00f3 que hoy en d\u00eda se reconoce \u00abla historia dolorosa de errores y atrocidades que muchos exploradores europeos infligieron sobre las naciones tribales y las comunidades ind\u00edgenas\u00bb.<\/p>\n\n\n\n<p>\u00abEs una medida de la grandeza de esta naci\u00f3n que no busquemos enterrar estos episodios vergonzosos de nuestro pasado, que los afrontemos honestamente, que pongamos luz sobre ellos y que hagamos todo lo que podamos para abordarlos\u00bb, reflexion\u00f3.<\/p>\n\n\n\n<blockquote class=\"wp-block-quote is-layout-flow wp-block-quote-is-layout-flow\"><p>La \u00fanica menci\u00f3n que hizo a Espa\u00f1a fue al comienzo de su mensaje cuando record\u00f3 que, hace m\u00e1s de 500 a\u00f1os, Col\u00f3n inici\u00f3 un viaje desde la costa de Espa\u00f1a a bordo de la Pinta, la Ni\u00f1a y la Santa Mar\u00eda, tras garantizarse el apoyo de los Reyes Cat\u00f3licos.<\/p><\/blockquote>\n\n\n\n<p>EFE<\/p>\n","protected":false},"excerpt":{"rendered":"<p>\u00abAunque los radicales de mala fe intentan borrar este d\u00eda de la historia,&nbsp;no permitiremos que se borren los cimientos de Estados Unidos.&nbsp;Por el contrario, aprenderemos de nuestra historia y veremos nuestra historia como una pieza fundamental de la creaci\u00f3n del mundo occidental\u00bb, se\u00f1al\u00f3 DeSantis en su mensaje. El&nbsp;gobernador de Florida, Ron DeSantis,&nbsp;defendi\u00f3 este martes la [&hellip;]<\/p>\n","protected":false},"author":2,"featured_media":200323,"comment_status":"closed","ping_status":"closed","sticky":false,"template":"","format":"standard","meta":{"footnotes":""},"categories":[5,8],"tags":[],"class_list":{"0":"post-200322","1":"post","2":"type-post","3":"status-publish","4":"format-standard","5":"has-post-thumbnail","7":"category-destacado","8":"category-internacionales"},"_links":{"self":[{"href":"https:\/\/elluchador.info\/index.php?rest_route=\/wp\/v2\/posts\/200322","targetHints":{"allow":["GET"]}}],"collection":[{"href":"https:\/\/elluchador.info\/index.php?rest_route=\/wp\/v2\/posts"}],"about":[{"href":"https:\/\/elluchador.info\/index.php?rest_route=\/wp\/v2\/types\/post"}],"author":[{"embeddable":true,"href":"https:\/\/elluchador.info\/index.php?rest_route=\/wp\/v2\/users\/2"}],"replies":[{"embeddable":true,"href":"https:\/\/elluchador.info\/index.php?rest_route=%2Fwp%2Fv2%2Fcomments&post=200322"}],"version-history":[{"count":1,"href":"https:\/\/elluchador.info\/index.php?rest_route=\/wp\/v2\/posts\/200322\/revisions"}],"predecessor-version":[{"id":200324,"href":"https:\/\/elluchador.info\/index.php?rest_route=\/wp\/v2\/posts\/200322\/revisions\/200324"}],"wp:featuredmedia":[{"embeddable":true,"href":"https:\/\/elluchador.info\/index.php?rest_route=\/wp\/v2\/media\/200323"}],"wp:attachment":[{"href":"https:\/\/elluchador.info\/index.php?rest_route=%2Fwp%2Fv2%2Fmedia&parent=200322"}],"wp:term":[{"taxonomy":"category","embeddable":true,"href":"https:\/\/elluchador.info\/index.php?rest_route=%2Fwp%2Fv2%2Fcategories&post=200322"},{"taxonomy":"post_tag","embeddable":true,"href":"https:\/\/elluchador.info\/index.php?rest_route=%2Fwp%2Fv2%2Ftags&post=200322"}],"curies":[{"name":"wp","href":"https:\/\/api.w.org\/{rel}","templated":true}]}}