{"id":200339,"date":"2021-10-12T20:50:30","date_gmt":"2021-10-13T00:50:30","guid":{"rendered":"https:\/\/elluchador.info\/web\/?p=200339"},"modified":"2021-10-12T20:50:31","modified_gmt":"2021-10-13T00:50:31","slug":"cuba-prohibe-manifestacion-opositora-convocada-para-el-15-de-noviembre","status":"publish","type":"post","link":"https:\/\/elluchador.info\/?p=200339","title":{"rendered":"Cuba proh\u00edbe manifestaci\u00f3n opositora convocada para el 15 de noviembre"},"content":{"rendered":"\n<p>El Gobierno de\u00a0<strong>Miguel D\u00edaz-Canel<\/strong>\u00a0anunci\u00f3 que la marcha convocada por la oposici\u00f3n para\u00a0<strong>el pr\u00f3ximo 15 de noviembre<\/strong>\u00a0no recibi\u00f3 autorizaci\u00f3n y\u00a0<strong>fue declarada il\u00edcita<\/strong>. Consideran que sus promotores tienen la intenci\u00f3n de impulsar un cambio de r\u00e9gimen, argumentando la falta de razones y los v\u00ednculos de los promotores con \u201corganizaciones subversivas\u201d.<\/p>\n\n\n\n<p>La&nbsp;<strong>Marcha C\u00edvica por el Cambio se hab\u00eda adelantado del 20 de noviembre al 15 de ese mes<\/strong>&nbsp;tras un primer impedimento de La Habana: el anuncio del r\u00e9gimen de realizar \u201cejercicios de preparaci\u00f3n de defensa\u201d del 17 al 20 de noviembre.<\/p>\n\n\n\n<p>Ahora, el r\u00e9gimen termin\u00f3 por desterrar la posibilidad de que reciba el permiso. En una carta en respuesta a la solicitud, indicaron que \u201cno se reconoce legitimidad en las razones que se esgrimen para la marcha\u201d y dijeron que<strong>&nbsp;los promotores del evento tienen \u201cv\u00ednculos con organizaciones subversivas o agencias financiadas por el gobierno estadounidense\u201d<\/strong>.<\/p>\n\n\n\n<p>Adem\u00e1s, esgrimieron que&nbsp;<strong>el ejercicio de los derechos, como el de la libre expresi\u00f3n, est\u00e1 limitado<\/strong>&nbsp;al derechos de los dem\u00e1s, \u201cla seguridad colectiva, el bienestar general\u201d<\/p>\n\n\n\n<p>La carta firmada por Alexis Acosta Silva, intendente del Consejo de la Administraci\u00f3n de la Habana Vieja, concluy\u00f3: \u201cEs evidente que, si bien se invoca un derecho constitucional, este no puede ejercerse en contra de los dem\u00e1s derechos, garant\u00edas y postulados esenciales de la propia Constituci\u00f3n, lo que determina el car\u00e1cter il\u00edcito de la marcha\u201d.<\/p>\n\n\n\n<p>Por su parte, el&nbsp;<strong>grupo civil Archipi\u00e9lago<\/strong>, convocante de la manifestaci\u00f3n, decidi\u00f3 que \u201cno ten\u00eda otra opci\u00f3n\u201d que anticipar la cita en las calles al 15 de noviembre, porque mantenerla el 20&nbsp;<strong>\u201cno ten\u00eda ning\u00fan sentido\u201d despu\u00e9s del anuncio del Gobierno,<\/strong>&nbsp;explic\u00f3 su coordinador, el dramaturgo Yunior Garc\u00eda Aguilera. Los organizadores de la marcha interpretaron esa medida como \u201cuna amenaza, un mensaje no directo; pero por nuestra experiencia anterior, un mensaje m\u00e1s que claro de que no van a permitir la marcha\u201d, seg\u00fan Garc\u00eda Aguilera.<\/p>\n\n\n\n<p>La plataforma virtual ciudadana Archipi\u00e9lago hab\u00eda solicitado el mes pasado a trav\u00e9s de cartas dirigidas al Gobernador de La Habana, Reinaldo Garc\u00eda, y el intendente del Consejo de Administraci\u00f3n Municipal (CAM) de la capital, Alexis Acosta, la autorizaci\u00f3n para llevar a cabo una manifestaci\u00f3n pac\u00edfica contra la violencia el 20 de noviembre.<\/p>\n\n\n\n<p>WTC Radio<\/p>\n","protected":false},"excerpt":{"rendered":"<p>El Gobierno de\u00a0Miguel D\u00edaz-Canel\u00a0anunci\u00f3 que la marcha convocada por la oposici\u00f3n para\u00a0el pr\u00f3ximo 15 de noviembre\u00a0no recibi\u00f3 autorizaci\u00f3n y\u00a0fue declarada il\u00edcita. Consideran que sus promotores tienen la intenci\u00f3n de impulsar un cambio de r\u00e9gimen, argumentando la falta de razones y los v\u00ednculos de los promotores con \u201corganizaciones subversivas\u201d. La&nbsp;Marcha C\u00edvica por el Cambio se hab\u00eda [&hellip;]<\/p>\n","protected":false},"author":2,"featured_media":200340,"comment_status":"closed","ping_status":"closed","sticky":false,"template":"","format":"standard","meta":{"footnotes":""},"categories":[8],"tags":[],"class_list":{"0":"post-200339","1":"post","2":"type-post","3":"status-publish","4":"format-standard","5":"has-post-thumbnail","7":"category-internacionales"},"_links":{"self":[{"href":"https:\/\/elluchador.info\/index.php?rest_route=\/wp\/v2\/posts\/200339","targetHints":{"allow":["GET"]}}],"collection":[{"href":"https:\/\/elluchador.info\/index.php?rest_route=\/wp\/v2\/posts"}],"about":[{"href":"https:\/\/elluchador.info\/index.php?rest_route=\/wp\/v2\/types\/post"}],"author":[{"embeddable":true,"href":"https:\/\/elluchador.info\/index.php?rest_route=\/wp\/v2\/users\/2"}],"replies":[{"embeddable":true,"href":"https:\/\/elluchador.info\/index.php?rest_route=%2Fwp%2Fv2%2Fcomments&post=200339"}],"version-history":[{"count":1,"href":"https:\/\/elluchador.info\/index.php?rest_route=\/wp\/v2\/posts\/200339\/revisions"}],"predecessor-version":[{"id":200341,"href":"https:\/\/elluchador.info\/index.php?rest_route=\/wp\/v2\/posts\/200339\/revisions\/200341"}],"wp:featuredmedia":[{"embeddable":true,"href":"https:\/\/elluchador.info\/index.php?rest_route=\/wp\/v2\/media\/200340"}],"wp:attachment":[{"href":"https:\/\/elluchador.info\/index.php?rest_route=%2Fwp%2Fv2%2Fmedia&parent=200339"}],"wp:term":[{"taxonomy":"category","embeddable":true,"href":"https:\/\/elluchador.info\/index.php?rest_route=%2Fwp%2Fv2%2Fcategories&post=200339"},{"taxonomy":"post_tag","embeddable":true,"href":"https:\/\/elluchador.info\/index.php?rest_route=%2Fwp%2Fv2%2Ftags&post=200339"}],"curies":[{"name":"wp","href":"https:\/\/api.w.org\/{rel}","templated":true}]}}