{"id":200361,"date":"2021-10-13T15:18:33","date_gmt":"2021-10-13T19:18:33","guid":{"rendered":"https:\/\/elluchador.info\/web\/?p=200361"},"modified":"2021-10-13T15:18:34","modified_gmt":"2021-10-13T19:18:34","slug":"bajo-la-premisa-un-solo-gobierno-se-mantienen-las-acometidas-de-iluminacion-led-en-ciudad-bolivar","status":"publish","type":"post","link":"https:\/\/elluchador.info\/?p=200361","title":{"rendered":"Bajo la premisa un solo gobierno se mantienen las acometidas de iluminaci\u00f3n LED en Ciudad Bol\u00edvar"},"content":{"rendered":"\n<p>Bajo el plan Ciudad Bol\u00edvar Bonita, la gesti\u00f3n transformadora del alcalde Sergio Hern\u00e1ndez junto a las instituciones hermanas como CVG, Cabelum, BNBT, Minfra, Corpoelec, Gobernaci\u00f3n y una suma de voluntades mantienen las acometidas de iluminaci\u00f3n con tecnolog\u00eda LED en las vialidades de Ciudad Bol\u00edvar.<\/p>\n\n\n\n<p>En esta oportunidad los equipos se desplegaron en&nbsp; el tramo del paseo Sim\u00f3n Bol\u00edvar, Intercepci\u00f3n semforizada del Ruiz Pineda y un tramo de la avenida Upata, para de esta manera continuar con las labores de embellecimiento de nuestra querida capital.<\/p>\n\n\n\n<p>El l\u00edder municipal, Sergio Hern\u00e1ndez coment\u00f3 que el Plan Ciudad Bol\u00edvar Bonita es un proyecto que naci\u00f3 como parte del esfuerzo de todas las instituciones para seguir consolidando el municipio Potencia, por lo que agradeci\u00f3 al futuro gobernador \u00c1ngel Marcano por ser el canal para cristalizar este sue\u00f1o con los hermanos del CVG y su presidente Pedro Maldonado; Cabelum, N\u00e9stor D\u00edaz; BNBT, Rafael Morales; Miinfra con el compa\u00f1ero \u00c1ngel Navas, Corpoelec gobernaci\u00f3n e instituciones privadas; al igual que el acompa\u00f1amiento de la RAAS.<\/p>\n\n\n\n<figure class=\"wp-block-image size-full\"><img loading=\"lazy\" decoding=\"async\" width=\"960\" height=\"540\" src=\"https:\/\/elluchador.info\/web\/wp-content\/uploads\/2021\/10\/04-1.jpg\" alt=\"\" class=\"wp-image-200363\" srcset=\"https:\/\/elluchador.info\/wp-content\/uploads\/2021\/10\/04-1.jpg 960w, https:\/\/elluchador.info\/wp-content\/uploads\/2021\/10\/04-1-300x169.jpg 300w, https:\/\/elluchador.info\/wp-content\/uploads\/2021\/10\/04-1-768x432.jpg 768w, https:\/\/elluchador.info\/wp-content\/uploads\/2021\/10\/04-1-747x420.jpg 747w, https:\/\/elluchador.info\/wp-content\/uploads\/2021\/10\/04-1-640x360.jpg 640w, https:\/\/elluchador.info\/wp-content\/uploads\/2021\/10\/04-1-681x383.jpg 681w\" sizes=\"auto, (max-width: 960px) 100vw, 960px\" \/><\/figure>\n\n\n\n<p>\u201cCiudad Bol\u00edvar Tiene con Qu\u00e9 y lo estamos demostrando aqu\u00ed est\u00e1n todas las fuerzas consolidando los espacios, ya que solo no es iluminaci\u00f3n es tambi\u00e9n labores de embellecimiento mediante el barrido, recolecci\u00f3n de desechos s\u00f3lidos, desarenizaci\u00f3n y poda de \u00e1rboles controlada\u201d, dijo la m\u00e1xima autoridad local.<\/p>\n\n\n\n<p>Comunidad contenta&nbsp;<\/p>\n\n\n\n<p>En este sentido, Anibal Ortiz del sector Medina Angarita resalt\u00f3 el trabajo ejecutado por el equipo integral, quienes pusieron el paseo Sim\u00f3n Bol\u00edvar at\u00f3mico y cien por ciento iluminado, cuando se hacen las cosas con amor este es el resultado.<\/p>\n\n\n\n<p>Ortiz resalt\u00f3 que estas acciones son aplaudidas por los ciudadanos, porque cada d\u00eda queda demostrado que Ciudad Bol\u00edvar se perfila como una potencia a nivel nacional.<\/p>\n\n\n\n<p>Tambi\u00e9n Desire Garc\u00eda expres\u00f3 que en el sitio estuvieron presente los jefes de calles, l\u00edderes de UBCH y RAAS porque en cada accionar est\u00e1 presente el partido.<\/p>\n\n\n\n<p>Garc\u00eda resalt\u00f3 que este un sue\u00f1o de todos los bolivarenses y solo es posible en revoluci\u00f3n, porque una vez m\u00e1s qued\u00f3 demostrado que Ciudad Bol\u00edvar Tiene con Qu\u00e9.<\/p>\n\n\n\n<p>Al igual que Carlos Ferrer, jefe de UBCH, quien indic\u00f3 que una vez m\u00e1s Ciudad Bol\u00edvar sigue consolidando bajo el accionar del alcalde Sergio Hern\u00e1ndez y las pol\u00edticas del presidente Nicol\u00e1s Maduro.<\/p>\n\n\n\n<p><strong>(Prensa Alcald\u00eda A\/O).-<\/strong><\/p>\n","protected":false},"excerpt":{"rendered":"<p>Bajo el plan Ciudad Bol\u00edvar Bonita, la gesti\u00f3n transformadora del alcalde Sergio Hern\u00e1ndez junto a las instituciones hermanas como CVG, Cabelum, BNBT, Minfra, Corpoelec, Gobernaci\u00f3n y una suma de voluntades mantienen las acometidas de iluminaci\u00f3n con tecnolog\u00eda LED en las vialidades de Ciudad Bol\u00edvar. En esta oportunidad los equipos se desplegaron en&nbsp; el tramo del [&hellip;]<\/p>\n","protected":false},"author":2,"featured_media":200362,"comment_status":"closed","ping_status":"closed","sticky":false,"template":"","format":"standard","meta":{"footnotes":""},"categories":[5,20],"tags":[],"class_list":{"0":"post-200361","1":"post","2":"type-post","3":"status-publish","4":"format-standard","5":"has-post-thumbnail","7":"category-destacado","8":"category-municipal"},"_links":{"self":[{"href":"https:\/\/elluchador.info\/index.php?rest_route=\/wp\/v2\/posts\/200361","targetHints":{"allow":["GET"]}}],"collection":[{"href":"https:\/\/elluchador.info\/index.php?rest_route=\/wp\/v2\/posts"}],"about":[{"href":"https:\/\/elluchador.info\/index.php?rest_route=\/wp\/v2\/types\/post"}],"author":[{"embeddable":true,"href":"https:\/\/elluchador.info\/index.php?rest_route=\/wp\/v2\/users\/2"}],"replies":[{"embeddable":true,"href":"https:\/\/elluchador.info\/index.php?rest_route=%2Fwp%2Fv2%2Fcomments&post=200361"}],"version-history":[{"count":1,"href":"https:\/\/elluchador.info\/index.php?rest_route=\/wp\/v2\/posts\/200361\/revisions"}],"predecessor-version":[{"id":200364,"href":"https:\/\/elluchador.info\/index.php?rest_route=\/wp\/v2\/posts\/200361\/revisions\/200364"}],"wp:featuredmedia":[{"embeddable":true,"href":"https:\/\/elluchador.info\/index.php?rest_route=\/wp\/v2\/media\/200362"}],"wp:attachment":[{"href":"https:\/\/elluchador.info\/index.php?rest_route=%2Fwp%2Fv2%2Fmedia&parent=200361"}],"wp:term":[{"taxonomy":"category","embeddable":true,"href":"https:\/\/elluchador.info\/index.php?rest_route=%2Fwp%2Fv2%2Fcategories&post=200361"},{"taxonomy":"post_tag","embeddable":true,"href":"https:\/\/elluchador.info\/index.php?rest_route=%2Fwp%2Fv2%2Ftags&post=200361"}],"curies":[{"name":"wp","href":"https:\/\/api.w.org\/{rel}","templated":true}]}}